{"id":1965,"date":"2025-06-14T13:15:03","date_gmt":"2025-06-14T17:15:03","guid":{"rendered":"https:\/\/radiopoloniawinnipeg.com\/index.php\/2025\/06\/14\/wstrzymali-mu-kanadyjska-emeryture-i-nie-powiedzieli-dlaczego\/"},"modified":"2025-06-14T13:15:03","modified_gmt":"2025-06-14T17:15:03","slug":"wstrzymali-mu-kanadyjska-emeryture-i-nie-powiedzieli-dlaczego","status":"publish","type":"post","link":"https:\/\/radiopoloniawinnipeg.com\/index.php\/2025\/06\/14\/wstrzymali-mu-kanadyjska-emeryture-i-nie-powiedzieli-dlaczego\/","title":{"rendered":"Wstrzymali mu kanadyjsk\u0105 emerytur\u0119 i nie powiedzieli dlaczego"},"content":{"rendered":"<p><img decoding=\"async\" loading=\"lazy\" class=\"aligncenter size-custom-full-size wp-image-214815\" src=\"https:\/\/bejsment.com\/wp-content\/uploads\/2025\/06\/emeryt-636x468.jpg\" alt=\"\" width=\"636\" height=\"468\" \/><\/p>\n<p><strong>Ma\u0142\u017ce\u0144stwo z Londynu prze\u017cywa powa\u017cny kryzys finansowy po tym, jak rz\u0105d federalny niespodziewanie wstrzyma\u0142 emerytur\u0119 88-letniego ojca Francisco Moragi. Pieni\u0105dze z OAS (Old Age Security) i GIS (Guaranteed Income Supplement), w wysoko\u015bci 1881 dolar\u00f3w miesi\u0119cznie, by\u0142y wykorzystywane na op\u0142acenie domu opieki d\u0142ugoterminowej, kt\u00f3rego koszt wynosi 2315 dolar\u00f3w miesi\u0119cznie.<\/strong><\/p>\n<p>Od 26 lutego nie wp\u0142yn\u0119\u0142a ani jedna rata, a Francisco i jego \u017cona Meaghin musieli si\u0119gn\u0105\u0107 po w\u0142asne oszcz\u0119dno\u015bci, by pokry\u0107 r\u00f3\u017cnic\u0119. Do dzi\u015b nie znaj\u0105 powod\u00f3w nag\u0142ego wstrzymania wyp\u0142at. Niewyja\u015bniona sytuacja powoduje ogromny stres \u2013 szczeg\u00f3lnie \u017ce para ma na utrzymaniu tak\u017ce siebie i dw\u00f3jk\u0119 doros\u0142ych dzieci, a ostatnio zostali nawet obci\u0105\u017ceni op\u0142at\u0105 za sp\u00f3\u017anienie, poniewa\u017c nie byli w stanie zap\u0142aci\u0107 w terminie.<\/p>\n<p>Francisco, kt\u00f3ry przyjecha\u0142 do Kanady z Nikaragui jako nastolatek razem z ojcem, nie chce go martwi\u0107 sytuacj\u0105. \u201eNie m\u00f3wi\u0119 mu o tym, nie chc\u0119 go obci\u0105\u017ca\u0107 w jego wieku i stanie zdrowia\u201d \u2013 m\u00f3wi. Hector od listopada 2023 roku mieszka w plac\u00f3wce opieki, porusza si\u0119 na w\u00f3zku inwalidzkim i wymaga ca\u0142odobowej pomocy. Wcze\u015bniej przez wiele miesi\u0119cy mieszka\u0142 z synem i jego \u017con\u0105, kt\u00f3rzy jednak nie byli w stanie d\u0142u\u017cej zapewnia\u0107 mu potrzebnej opieki.<\/p>\n<p>Francisco podkre\u015bla, \u017ce zawsze chcia\u0142 si\u0119 odwdzi\u0119czy\u0107 ojcu za wszystko, co dla niego zrobi\u0142. Niestety, napotkane trudno\u015bci ich przeros\u0142y: \u201eJeste\u015bmy zdesperowani. Nie wiemy, co dalej\u201d.<\/p>\n<p>OAS to podstawowa emerytura wyp\u0142acana obywatelom i legalnym rezydentom Kanady w wieku 65 lat i wi\u0119cej, kt\u00f3rzy mieszkali w kraju przez co najmniej 10 lat po uko\u0144czeniu 18. roku \u017cycia. Wiele os\u00f3b starszych polega na tych \u015bwiadczeniach jako g\u0142\u00f3wnym \u017ar\u00f3dle dochodu.<\/p>\n<p>2 kwietnia Francisco i Hector odwiedzili Service Canada, gdzie Francisco z\u0142o\u017cy\u0142 wniosek o upowa\u017cnienie do dzia\u0142ania w imieniu ojca. Powiedziano im, \u017ce odpowied\u017a przyjdzie w ci\u0105gu kilku tygodni. Przez dwa miesi\u0105ce twierdzono jednak, \u017ce dokumenty nie dotar\u0142y. Dopiero niedawno otrzymali potwierdzenie ich otrzymania, ale proces ich rozpatrywania nadal trwa.<\/p>\n<p>\u201eZa ka\u017cdym razem s\u0142yszymy: \u2018Prosz\u0119 zadzwoni\u0107 za dwa dni\u2019\u201d \u2013 m\u00f3wi Meaghin. Historia po\u0142\u0105cze\u0144 Francisco z Service Canada pokazuje, \u017ce pr\u00f3bowa\u0142 kontaktowa\u0107 si\u0119 z urz\u0119dem kilkana\u015bcie razy, cz\u0119sto czekaj\u0105c na linii ponad p\u00f3\u0142 godziny.<\/p>\n<p>Poniewa\u017c formalne pe\u0142nomocnictwo nie zosta\u0142o jeszcze zatwierdzone, urz\u0119dnicy nie mog\u0105 ujawni\u0107 powod\u00f3w zatrzymania \u015bwiadcze\u0144. \u201eJe\u015bli to z naszej winy, jeste\u015bmy gotowi natychmiast dostarczy\u0107 wszelkie brakuj\u0105ce informacje\u201d \u2013 zapewnia Meaghin.<\/p>\n<p>Pocz\u0105tkowo podejrzewano, \u017ce problemem mo\u017ce by\u0107 zmiana adresu. Jednak, jak twierdzi Meaghin, adres Hectora zosta\u0142 zaktualizowany ju\u017c w 2023 roku i nie by\u0142 od tamtej pory zmieniany.<\/p>\n<p>Shael Eisen, toronto\u0144ski prawnik specjalizuj\u0105cy si\u0119 w prawie senioralnym, m\u00f3wi, \u017ce podobne sytuacje zdarzaj\u0105 si\u0119 cz\u0119sto. Jego zdaniem urz\u0119dnicy nie s\u0105 \u017ali z za\u0142o\u017cenia, ale procedury i biurokracja bywaj\u0105 tak z\u0142o\u017cone, \u017ce sprawy ci\u0105gn\u0105 si\u0119 miesi\u0105cami. \u201eWeryfikacja upowa\u017cnie\u0144 trwa, bo musz\u0105 przestrzega\u0107 zasad prywatno\u015bci. Czasem chodzi o b\u0142\u0119dnie wpisany numer konta, innym razem o kwestie podatkowe\u201d \u2013 wyja\u015bnia Eisen.<\/p>\n<p>Zaznacza, \u017ce cho\u0107 \u015bwiadczenia mog\u0105 zosta\u0107 czasowo wstrzymane z r\u00f3\u017cnych powod\u00f3w, konsekwencje dla starszych os\u00f3b s\u0105 bardzo powa\u017cne. \u201eJe\u015bli masz 80 lat, p\u0142aci\u0142e\u015b podatki przez ca\u0142e \u017cycie i nagle wszystko si\u0119 zatrzymuje, skutki mog\u0105 by\u0107 dramatyczne\u201d \u2013 m\u00f3wi. Eisen dodaje, \u017ce w takich sytuacjach trzeba dzia\u0142a\u0107 stanowczo i szuka\u0107 pomocy, bo bez zdecydowanej interwencji sprawy potrafi\u0105 ci\u0105gn\u0105\u0107 si\u0119 w niesko\u0144czono\u015b\u0107.<\/p>\n","protected":false},"excerpt":{"rendered":"<p>Ma\u0142\u017ce\u0144stwo z Londynu prze\u017cywa powa\u017cny kryzys finansowy po tym, jak rz\u0105d federalny niespodziewanie wstrzyma\u0142 emerytur\u0119 88-letniego ojca Francisco Moragi. Pieni\u0105dze z OAS (Old Age Security)&hellip;<\/p>\n","protected":false},"author":3,"featured_media":1966,"comment_status":"open","ping_status":"open","sticky":false,"template":"","format":"standard","meta":{"footnotes":""},"categories":[12,18],"tags":[],"class_list":["post-1965","post","type-post","status-publish","format-standard","has-post-thumbnail","hentry","category-kanada","category-top-news"],"_links":{"self":[{"href":"https:\/\/radiopoloniawinnipeg.com\/index.php\/wp-json\/wp\/v2\/posts\/1965","targetHints":{"allow":["GET"]}}],"collection":[{"href":"https:\/\/radiopoloniawinnipeg.com\/index.php\/wp-json\/wp\/v2\/posts"}],"about":[{"href":"https:\/\/radiopoloniawinnipeg.com\/index.php\/wp-json\/wp\/v2\/types\/post"}],"author":[{"embeddable":true,"href":"https:\/\/radiopoloniawinnipeg.com\/index.php\/wp-json\/wp\/v2\/users\/3"}],"replies":[{"embeddable":true,"href":"https:\/\/radiopoloniawinnipeg.com\/index.php\/wp-json\/wp\/v2\/comments?post=1965"}],"version-history":[{"count":0,"href":"https:\/\/radiopoloniawinnipeg.com\/index.php\/wp-json\/wp\/v2\/posts\/1965\/revisions"}],"wp:featuredmedia":[{"embeddable":true,"href":"https:\/\/radiopoloniawinnipeg.com\/index.php\/wp-json\/wp\/v2\/media\/1966"}],"wp:attachment":[{"href":"https:\/\/radiopoloniawinnipeg.com\/index.php\/wp-json\/wp\/v2\/media?parent=1965"}],"wp:term":[{"taxonomy":"category","embeddable":true,"href":"https:\/\/radiopoloniawinnipeg.com\/index.php\/wp-json\/wp\/v2\/categories?post=1965"},{"taxonomy":"post_tag","embeddable":true,"href":"https:\/\/radiopoloniawinnipeg.com\/index.php\/wp-json\/wp\/v2\/tags?post=1965"}],"curies":[{"name":"wp","href":"https:\/\/api.w.org\/{rel}","templated":true}]}}