{"id":1967,"date":"2025-06-14T14:00:09","date_gmt":"2025-06-14T18:00:09","guid":{"rendered":"https:\/\/radiopoloniawinnipeg.com\/index.php\/2025\/06\/14\/dwoje-politykow-z-minnesoty-i-ich-malzonkowie-padli-ofiara-strzelanin-w-swoich-domach\/"},"modified":"2025-06-14T14:00:09","modified_gmt":"2025-06-14T18:00:09","slug":"dwoje-politykow-z-minnesoty-i-ich-malzonkowie-padli-ofiara-strzelanin-w-swoich-domach","status":"publish","type":"post","link":"https:\/\/radiopoloniawinnipeg.com\/index.php\/2025\/06\/14\/dwoje-politykow-z-minnesoty-i-ich-malzonkowie-padli-ofiara-strzelanin-w-swoich-domach\/","title":{"rendered":"Dwoje polityk\u00f3w z Minnesoty i ich ma\u0142\u017conkowie padli ofiar\u0105 strzelanin w swoich domach"},"content":{"rendered":"<div id=\"attachment_214918\" style=\"width: 646px\" class=\"wp-caption aligncenter\"><a href=\"https:\/\/bejsment.com\/wp-content\/uploads\/2025\/06\/zastrzeleni-e1749923272205.jpg\"><img decoding=\"async\" loading=\"lazy\" aria-describedby=\"caption-attachment-214918\" class=\"wp-image-214918 size-custom-full-size\" src=\"https:\/\/bejsment.com\/wp-content\/uploads\/2025\/06\/zastrzeleni-e1749923272205-636x380.jpg\" alt=\"\" width=\"636\" height=\"380\" \/><\/a><\/p>\n<p id=\"caption-attachment-214918\" class=\"wp-caption-text\">Senator Minnesoty John Hoffman i przedstawicielka stanu Melissa Hortman zostali postrzeleni w swoich domach w sobot\u0119.<\/p>\n<\/div>\n<p><strong>By\u0142a spikerka Izby, Melissa Hortman, i jej m\u0105\u017c zostali zamordowani w swoim domu w Brooklyn Park przez osob\u0119, kt\u00f3ra podawa\u0142a si\u0119 za policjanta. W osobnym incydencie senator stanowy John Hoffman i jego \u017cona zostali postrzeleni i odnie\u015bli obra\u017cenia \u2013 poda\u0142y w\u0142adze podczas konferencji prasowej. Gubernator Minnesoty Tim Walz nazwa\u0142 te zdarzenia aktami przemocy o charakterze politycznym.<\/strong><\/p>\n<p>Policja przez wiele godzin prowadzi\u0142a intensywn\u0105 ob\u0142aw\u0119 na sprawc\u0119 po sobotnich wydarzeniach.<\/p>\n<p>\u201eW ca\u0142ych Stanach Zjednoczonych musimy wsp\u00f3lnie przeciwstawia\u0107 si\u0119 przemocy motywowanej politycznie\u201d \u2013 powiedzia\u0142 gubernator Walz. \u201eSprawcy tych przest\u0119pstw zostan\u0105 poci\u0105gni\u0119ci do odpowiedzialno\u015bci\u201d.<\/p>\n<p>John Hoffman, kt\u00f3ry po raz pierwszy zosta\u0142 wybrany w 2012 roku, jest w\u0142a\u015bcicielem firmy doradczej i by\u0142ym wiceprzewodnicz\u0105cym rady szkolnej najwi\u0119kszego dystryktu edukacyjnego w stanie. Ma \u017con\u0119 i c\u00f3rk\u0119. Melissa Hortman rozpocz\u0119\u0142a swoj\u0105 karier\u0119 polityczn\u0105 w 2004 roku, by\u0142a wa\u017cn\u0105 postaci\u0105 w\u015br\u00f3d demokrat\u00f3w w legislaturze stanowej, pe\u0142ni\u0142a r\u00f3wnie\u017c funkcj\u0119 spikerki Izby. Razem z m\u0119\u017cem wychowa\u0142a dwoje dzieci. Oboje reprezentowali regiony po\u0142o\u017cone na p\u00f3\u0142noc od Minneapolis.<\/p>\n<p>Drew Evans, szef stanowego Biura \u015aledczego, poinformowa\u0142, \u017ce przeprowadzone zostan\u0105 sekcje zw\u0142ok, kt\u00f3re maj\u0105 ustali\u0107 szczeg\u00f3\u0142y odniesionych ran. Potwierdzi\u0142 jednak, \u017ce Hortman i jej m\u0105\u017c zmarli w wyniku postrza\u0142\u00f3w. W sobot\u0119 rano wprowadzono nakaz pozostania w domach.<\/p>\n<p>Bob Jacobson, komisarz ds. bezpiecze\u0144stwa publicznego, potwierdzi\u0142, \u017ce sprawca podszywa\u0142 si\u0119 pod funkcjonariusza. \u201eWykorzysta\u0142 spo\u0142eczne zaufanie do munduru \u2013 to szczeg\u00f3lnie bolesna zdrada dla tych z nas, kt\u00f3rzy z dum\u0105 nosz\u0105 odznak\u0119\u201d \u2013 powiedzia\u0142.<\/p>\n<p>Szef lokalnej policji, Mark Bruley, ujawni\u0142, \u017ce podejrzany zbieg\u0142 tylnym wyj\u015bciem z domu Hortman po wymianie ognia z funkcjonariuszami. Mia\u0142 na sobie mundur przypominaj\u0105cy policyjny i porusza\u0142 si\u0119 pojazdem stylizowanym na radiow\u00f3z \u2013 z charakterystycznym oznakowaniem i \u015bwiat\u0142ami.<\/p>\n<p>Prezydent Donald Trump wyda\u0142 o\u015bwiadczenie, w kt\u00f3rym zapowiedzia\u0142, \u017ce FBI zaanga\u017cuje si\u0119 w \u015bledztwo. \u201eProkurator generalna Pam Bondi oraz FBI prowadz\u0105 dochodzenie i do\u0142o\u017c\u0105 wszelkich stara\u0144, by osoby odpowiedzialne za t\u0119 tragedi\u0119 zosta\u0142y ukarane. Tak brutalne akty nie b\u0119d\u0105 tolerowane w naszym kraju\u201d \u2013 przekaza\u0142 Trump. \u201eModl\u0119 si\u0119 za mieszka\u0144c\u00f3w Minnesoty \u2013 to naprawd\u0119 wspaniali ludzie\u201d.<\/p>\n<p>Lisa Demuth, przewodnicz\u0105ca Izby Reprezentant\u00f3w Minnesoty z ramienia Partii Republika\u0144skiej, nazwa\u0142a atak \u201enikczemnym\u201d i przyzna\u0142a, \u017ce wiadomo\u015b\u0107 o \u015bmierci Hortman i jej m\u0119\u017ca g\u0142\u0119boko j\u0105 poruszy\u0142a. \u201eW tych trudnych chwilach prosz\u0119 wszystkich mieszka\u0144c\u00f3w Minnesoty o modlitw\u0119 za ofiary i funkcjonariuszy, kt\u00f3rzy wci\u0105\u017c pracuj\u0105 nad uj\u0119ciem sprawcy\u201d \u2013 powiedzia\u0142a.<\/p>\n","protected":false},"excerpt":{"rendered":"<p>Senator Minnesoty John Hoffman i przedstawicielka stanu Melissa Hortman zostali postrzeleni w swoich domach w sobot\u0119. By\u0142a spikerka Izby, Melissa Hortman, i jej m\u0105\u017c zostali&hellip;<\/p>\n","protected":false},"author":3,"featured_media":1968,"comment_status":"open","ping_status":"open","sticky":false,"template":"","format":"standard","meta":{"footnotes":""},"categories":[15,18],"tags":[],"class_list":["post-1967","post","type-post","status-publish","format-standard","has-post-thumbnail","hentry","category-swiat","category-top-news"],"_links":{"self":[{"href":"https:\/\/radiopoloniawinnipeg.com\/index.php\/wp-json\/wp\/v2\/posts\/1967","targetHints":{"allow":["GET"]}}],"collection":[{"href":"https:\/\/radiopoloniawinnipeg.com\/index.php\/wp-json\/wp\/v2\/posts"}],"about":[{"href":"https:\/\/radiopoloniawinnipeg.com\/index.php\/wp-json\/wp\/v2\/types\/post"}],"author":[{"embeddable":true,"href":"https:\/\/radiopoloniawinnipeg.com\/index.php\/wp-json\/wp\/v2\/users\/3"}],"replies":[{"embeddable":true,"href":"https:\/\/radiopoloniawinnipeg.com\/index.php\/wp-json\/wp\/v2\/comments?post=1967"}],"version-history":[{"count":0,"href":"https:\/\/radiopoloniawinnipeg.com\/index.php\/wp-json\/wp\/v2\/posts\/1967\/revisions"}],"wp:featuredmedia":[{"embeddable":true,"href":"https:\/\/radiopoloniawinnipeg.com\/index.php\/wp-json\/wp\/v2\/media\/1968"}],"wp:attachment":[{"href":"https:\/\/radiopoloniawinnipeg.com\/index.php\/wp-json\/wp\/v2\/media?parent=1967"}],"wp:term":[{"taxonomy":"category","embeddable":true,"href":"https:\/\/radiopoloniawinnipeg.com\/index.php\/wp-json\/wp\/v2\/categories?post=1967"},{"taxonomy":"post_tag","embeddable":true,"href":"https:\/\/radiopoloniawinnipeg.com\/index.php\/wp-json\/wp\/v2\/tags?post=1967"}],"curies":[{"name":"wp","href":"https:\/\/api.w.org\/{rel}","templated":true}]}}