{"id":1973,"date":"2025-06-15T07:15:05","date_gmt":"2025-06-15T11:15:05","guid":{"rendered":"https:\/\/radiopoloniawinnipeg.com\/index.php\/2025\/06\/15\/parada-rownosci-w-warszawie\/"},"modified":"2025-06-15T07:15:05","modified_gmt":"2025-06-15T11:15:05","slug":"parada-rownosci-w-warszawie","status":"publish","type":"post","link":"https:\/\/radiopoloniawinnipeg.com\/index.php\/2025\/06\/15\/parada-rownosci-w-warszawie\/","title":{"rendered":"Parada R\u00f3wno\u015bci w Warszawie"},"content":{"rendered":"<p><img decoding=\"async\" loading=\"lazy\" class=\"aligncenter size-custom-full-size wp-image-214958\" src=\"https:\/\/bejsment.com\/wp-content\/uploads\/2025\/06\/aaparada-636x358.jpg\" alt=\"\" width=\"636\" height=\"358\" \/><\/p>\n<p><strong>Tegoroczna, 24. Parada R\u00f3wno\u015bci odby\u0142a si\u0119 w Warszawie pod has\u0142em <em>\u201eOdpowiedzi\u0105 jest mi\u0142o\u015b\u0107!\u201d<\/em>. Tysi\u0105ce uczestnik\u00f3w przesz\u0142y w sobot\u0119 ulicami stolicy, \u015bwi\u0119tuj\u0105c r\u00f3\u017cnorodno\u015b\u0107 i domagaj\u0105c si\u0119 r\u00f3wno\u015bci. Cho\u0107 wydarzenie przebieg\u0142o spokojnie, policja odnotowa\u0142a kilka incydent\u00f3w.<\/strong><\/p>\n<p>Komenda Sto\u0142eczna Policji poinformowa\u0142a, \u017ce jedna osoba rzuci\u0142a w stron\u0119 platformy czerwon\u0105 ciecz, a p\u00f3\u017aniej kilkudziesi\u0119cioosobowa grupa zablokowa\u0142a jej przejazd. Sze\u015b\u0107 os\u00f3b wesz\u0142o na platform\u0119, ale dzi\u0119ki szybkiej interwencji Zespo\u0142u Antykonfliktowego zosta\u0142y one wylegitymowane i sprowadzone na ziemi\u0119. Sporz\u0105dzono ju\u017c wobec nich wnioski do s\u0105du.<\/p>\n<p>Funkcjonariusze b\u0119d\u0105 zabezpiecza\u0107 centrum miasta do p\u00f3\u017anych godzin wieczornych, gdy\u017c wydarzeniom towarzyszy szereg atrakcji i wyst\u0119p\u00f3w artystycznych.<\/p>\n<p>Parada rozpocz\u0119\u0142a si\u0119 o 11:00 w Parku \u015awi\u0119tokrzyskim, gdzie otwarto Miasteczko R\u00f3wno\u015bci. Sam poch\u00f3d ruszy\u0142 o 14:00 i przemaszerowa\u0142 m.in. ulicami \u015awi\u0119tokrzysk\u0105, Marsza\u0142kowsk\u0105, Senatorsk\u0105 i Krakowskim Przedmie\u015bciem. Zako\u0144czy\u0142 si\u0119 na Emilii Plater.<\/p>\n<p>W godzinach 16:00\u201321:00 zaplanowano wyst\u0119py w ramach <em>\u201eLet&#8217;s get visible! Queer Art Stage\u201d<\/em>, z udzia\u0142em artyst\u00f3w zwi\u0105zanych ze spo\u0142eczno\u015bci\u0105 LGBTQ+.<\/p>\n<p>Na miejscu obecny by\u0142 prezydent Warszawy Rafa\u0142 Trzaskowski, kt\u00f3ry kolejny raz podkre\u015bli\u0142, \u017ce stolica jest miastem otwartym i tolerancyjnym.<\/p>\n<p>\u2013 Musimy promowa\u0107 szacunek, tolerancj\u0119 i r\u00f3\u017cnorodno\u015b\u0107 \u2013 powiedzia\u0142.<\/p>\n<p>W Paradzie uczestniczy\u0142y tak\u017ce ministra ds. r\u00f3wno\u015bci Katarzyna Kotula, wicemarsza\u0142kini Senatu Magdalena Biejat i pos\u0142anka Anna Maria \u017bukowska. W trakcie wyst\u0105pienia og\u0142osi\u0142y, \u017ce Lewica z\u0142o\u017cy\u0142a zawiadomienie do prokuratury w sprawie Grzegorza Brauna, kt\u00f3ry zniszczy\u0142 wystaw\u0119 sejmow\u0105 po\u015bwi\u0119con\u0105 spo\u0142eczno\u015bci LGBTQ+.<\/p>\n<p>\u2013 Ci, kt\u00f3rzy chc\u0105 nas dzieli\u0107 i szerzy\u0107 nienawi\u015b\u0107, musz\u0105 ponie\u015b\u0107 konsekwencje. Dorwiemy ich \u2013 zapowiedzia\u0142a pos\u0142anka \u017bukowska.<\/p>\n<p style=\"text-align: right\"><em>Na podst. Polsat News<\/em><\/p>\n","protected":false},"excerpt":{"rendered":"<p>Tegoroczna, 24. Parada R\u00f3wno\u015bci odby\u0142a si\u0119 w Warszawie pod has\u0142em \u201eOdpowiedzi\u0105 jest mi\u0142o\u015b\u0107!\u201d. Tysi\u0105ce uczestnik\u00f3w przesz\u0142y w sobot\u0119 ulicami stolicy, \u015bwi\u0119tuj\u0105c r\u00f3\u017cnorodno\u015b\u0107 i domagaj\u0105c si\u0119&hellip;<\/p>\n","protected":false},"author":3,"featured_media":1974,"comment_status":"open","ping_status":"open","sticky":false,"template":"","format":"standard","meta":{"footnotes":""},"categories":[14,18],"tags":[],"class_list":["post-1973","post","type-post","status-publish","format-standard","has-post-thumbnail","hentry","category-polska","category-top-news"],"_links":{"self":[{"href":"https:\/\/radiopoloniawinnipeg.com\/index.php\/wp-json\/wp\/v2\/posts\/1973","targetHints":{"allow":["GET"]}}],"collection":[{"href":"https:\/\/radiopoloniawinnipeg.com\/index.php\/wp-json\/wp\/v2\/posts"}],"about":[{"href":"https:\/\/radiopoloniawinnipeg.com\/index.php\/wp-json\/wp\/v2\/types\/post"}],"author":[{"embeddable":true,"href":"https:\/\/radiopoloniawinnipeg.com\/index.php\/wp-json\/wp\/v2\/users\/3"}],"replies":[{"embeddable":true,"href":"https:\/\/radiopoloniawinnipeg.com\/index.php\/wp-json\/wp\/v2\/comments?post=1973"}],"version-history":[{"count":0,"href":"https:\/\/radiopoloniawinnipeg.com\/index.php\/wp-json\/wp\/v2\/posts\/1973\/revisions"}],"wp:featuredmedia":[{"embeddable":true,"href":"https:\/\/radiopoloniawinnipeg.com\/index.php\/wp-json\/wp\/v2\/media\/1974"}],"wp:attachment":[{"href":"https:\/\/radiopoloniawinnipeg.com\/index.php\/wp-json\/wp\/v2\/media?parent=1973"}],"wp:term":[{"taxonomy":"category","embeddable":true,"href":"https:\/\/radiopoloniawinnipeg.com\/index.php\/wp-json\/wp\/v2\/categories?post=1973"},{"taxonomy":"post_tag","embeddable":true,"href":"https:\/\/radiopoloniawinnipeg.com\/index.php\/wp-json\/wp\/v2\/tags?post=1973"}],"curies":[{"name":"wp","href":"https:\/\/api.w.org\/{rel}","templated":true}]}}