{"id":1977,"date":"2025-06-15T10:30:04","date_gmt":"2025-06-15T14:30:04","guid":{"rendered":"https:\/\/radiopoloniawinnipeg.com\/index.php\/2025\/06\/15\/krzysztof-bosak-prezesem-partii\/"},"modified":"2025-06-15T10:30:04","modified_gmt":"2025-06-15T14:30:04","slug":"krzysztof-bosak-prezesem-partii","status":"publish","type":"post","link":"https:\/\/radiopoloniawinnipeg.com\/index.php\/2025\/06\/15\/krzysztof-bosak-prezesem-partii\/","title":{"rendered":"Krzysztof Bosak prezesem partii"},"content":{"rendered":"<p><img decoding=\"async\" loading=\"lazy\" class=\"aligncenter size-custom-full-size wp-image-214967\" src=\"https:\/\/bejsment.com\/wp-content\/uploads\/2025\/06\/aabosakkongrs-636x358.jpg\" alt=\"\" width=\"636\" height=\"358\" \/><\/p>\n<p><strong>Krzysztof Bosak, wicemarsza\u0142ek Sejmu i jeden z lider\u00f3w Konfederacji, zosta\u0142 jednog\u0142o\u015bnie wybrany na prezesa Ruchu Narodowego. Decyzj\u0119 og\u0142oszono w sobot\u0119 podczas Kongresu Wyborczego partii w Kaliszu.<\/strong><\/p>\n<p>Bosak de facto kierowa\u0142 ugrupowaniem ju\u017c od maja 2023 roku, gdy z funkcji prezesa i z czynnej polityki wycofa\u0142 si\u0119 Robert Winnicki. Teraz wyb\u00f3r zosta\u0142 formalnie zatwierdzony.<\/p>\n<p>W swoim przem\u00f3wieniu nowy lider partii przekonywa\u0142, \u017ce Ruch Narodowy to ugrupowanie, \u201ez kt\u00f3rym trzeba si\u0119 liczy\u0107\u201d. \u2013 Mamy w\u0142asny zas\u00f3b kadrowy i zdolno\u015b\u0107 do jego rozwijania. B\u0119dziemy to robi\u0107 dzi\u0119ki wam \u2013 zwr\u00f3ci\u0142 si\u0119 do dzia\u0142aczy.<\/p>\n<h3><strong>Bosak: priorytetem interes narodowy<\/strong><\/h3>\n<p>Bosak podkre\u015bli\u0142, \u017ce jego formacja ma oferowa\u0107 Polakom konkretne rozwi\u0105zania i polityczne wizje. \u2013 Chcemy pa\u0144stwa narodowego \u2013 m\u00f3wi\u0142. \u2013 Takiego, kt\u00f3rego struktury i funkcje odpowiadaj\u0105 jednemu narodowi \u2013 w naszym przypadku narodowi polskiemu.<\/p>\n<p>Projekty ponadnarodowe \u2013 jak zaznaczy\u0142 \u2013 mog\u0105 by\u0107 przedmiotem debat akademickich, ale \u201eg\u0142\u00f3wn\u0105 osi\u0105 my\u015blenia politycznego\u201d Ruchu Narodowego jest polskie pa\u0144stwo. \u2013 To pa\u0144stwo, o kt\u00f3re walczy\u0142y poprzednie pokolenia. Pa\u0144stwo, kt\u00f3re odzyska\u0142o niepodleg\u0142o\u015b\u0107 w cudowny spos\u00f3b. Naszym zadaniem jest je wzmocni\u0107 i ustawi\u0107 na kursie s\u0142u\u017cby polskiemu interesowi narodowemu \u2013 m\u00f3wi\u0142 Bosak.<\/p>\n<blockquote class=\"twitter-tweet\" data-width=\"550\" data-dnt=\"true\">\n<p lang=\"pl\" dir=\"ltr\">Dzi\u0119kuj\u0119 za wyb\u00f3r na Prezesa Ruchu Narodowego! <a href=\"https:\/\/t.co\/30fee5gn54\">pic.twitter.com\/30fee5gn54<\/a><\/p>\n<p>&mdash; Krzysztof Bosak <\/p>\n","protected":false},"excerpt":{"rendered":"<p>Krzysztof Bosak, wicemarsza\u0142ek Sejmu i jeden z lider\u00f3w Konfederacji, zosta\u0142 jednog\u0142o\u015bnie wybrany na prezesa Ruchu Narodowego. Decyzj\u0119 og\u0142oszono w sobot\u0119 podczas Kongresu Wyborczego partii w&hellip;<\/p>\n","protected":false},"author":3,"featured_media":1978,"comment_status":"open","ping_status":"open","sticky":false,"template":"","format":"standard","meta":{"footnotes":""},"categories":[14,18],"tags":[],"class_list":["post-1977","post","type-post","status-publish","format-standard","has-post-thumbnail","hentry","category-polska","category-top-news"],"_links":{"self":[{"href":"https:\/\/radiopoloniawinnipeg.com\/index.php\/wp-json\/wp\/v2\/posts\/1977","targetHints":{"allow":["GET"]}}],"collection":[{"href":"https:\/\/radiopoloniawinnipeg.com\/index.php\/wp-json\/wp\/v2\/posts"}],"about":[{"href":"https:\/\/radiopoloniawinnipeg.com\/index.php\/wp-json\/wp\/v2\/types\/post"}],"author":[{"embeddable":true,"href":"https:\/\/radiopoloniawinnipeg.com\/index.php\/wp-json\/wp\/v2\/users\/3"}],"replies":[{"embeddable":true,"href":"https:\/\/radiopoloniawinnipeg.com\/index.php\/wp-json\/wp\/v2\/comments?post=1977"}],"version-history":[{"count":0,"href":"https:\/\/radiopoloniawinnipeg.com\/index.php\/wp-json\/wp\/v2\/posts\/1977\/revisions"}],"wp:featuredmedia":[{"embeddable":true,"href":"https:\/\/radiopoloniawinnipeg.com\/index.php\/wp-json\/wp\/v2\/media\/1978"}],"wp:attachment":[{"href":"https:\/\/radiopoloniawinnipeg.com\/index.php\/wp-json\/wp\/v2\/media?parent=1977"}],"wp:term":[{"taxonomy":"category","embeddable":true,"href":"https:\/\/radiopoloniawinnipeg.com\/index.php\/wp-json\/wp\/v2\/categories?post=1977"},{"taxonomy":"post_tag","embeddable":true,"href":"https:\/\/radiopoloniawinnipeg.com\/index.php\/wp-json\/wp\/v2\/tags?post=1977"}],"curies":[{"name":"wp","href":"https:\/\/api.w.org\/{rel}","templated":true}]}}