{"id":1985,"date":"2025-06-15T14:15:05","date_gmt":"2025-06-15T18:15:05","guid":{"rendered":"https:\/\/radiopoloniawinnipeg.com\/index.php\/2025\/06\/15\/ludzie-trzaskowskiego-do-dymisji\/"},"modified":"2025-06-15T14:15:05","modified_gmt":"2025-06-15T18:15:05","slug":"ludzie-trzaskowskiego-do-dymisji","status":"publish","type":"post","link":"https:\/\/radiopoloniawinnipeg.com\/index.php\/2025\/06\/15\/ludzie-trzaskowskiego-do-dymisji\/","title":{"rendered":"Ludzie Trzaskowskiego do dymisji"},"content":{"rendered":"<p><img decoding=\"async\" loading=\"lazy\" class=\"aligncenter size-custom-full-size wp-image-214962\" src=\"https:\/\/bejsment.com\/wp-content\/uploads\/2025\/06\/aatrzas2-636x478.jpg\" alt=\"\" width=\"636\" height=\"478\" \/><\/p>\n<p><strong>Zbli\u017caj\u0105ca si\u0119 rekonstrukcja rz\u0105du Donalda Tuska mo\u017ce oznacza\u0107 koniec kariery dla niekt\u00f3rych bliskich wsp\u00f3\u0142pracownik\u00f3w Rafa\u0142a Trzaskowskiego. Wed\u0142ug ustale\u0144 Onetu, zmiany personalne i strukturalne maj\u0105 by\u0107 odpowiedzi\u0105 na s\u0142aby wynik kandydata KO w wyborach prezydenckich.<\/strong><\/p>\n<p>Premier zapowiedzia\u0142, \u017ce w lipcu og\u0142osi \u201enowe otwarcie\u201d \u2013 nie tylko pod wzgl\u0119dem nazwisk, ale przede wszystkim struktury ca\u0142ego rz\u0105du. \u2013 Jeszcze w lipcu og\u0142osimy nowe otwarcie. Nie m\u00f3wi\u0119 tutaj o zmianie nazwisk, ale przede wszystkim o zmianie struktury rz\u0105du \u2013 m\u00f3wi\u0142 Tusk w sejmowym expos\u00e9.<\/p>\n<p>Wed\u0142ug \u017ar\u00f3de\u0142 Onetu, posady mog\u0105 straci\u0107 m.in. minister sportu S\u0142awomir Nitras oraz minister edukacji Barbara Nowacka \u2013 oboje zaanga\u017cowani w kampani\u0119 Trzaskowskiego, kt\u00f3ra wewn\u0105trz KO oceniana jest jako \u201efatalna\u201d.<\/p>\n<h3><strong>Ci\u0119cia i \u0142\u0105czenia resort\u00f3w<\/strong><\/h3>\n<p>Rekonstrukcja ma nie ogranicza\u0107 si\u0119 wy\u0142\u0105cznie do dymisji \u2013 planowane s\u0105 tak\u017ce zmiany strukturalne. Resort sportu mo\u017ce zosta\u0107 wcielony do innego ministerstwa jako zwyk\u0142y departament. Z kolei resort edukacji najprawdopodobniej zostanie po\u0142\u0105czony z Ministerstwem Nauki.<\/p>\n<p>To ostatnie obecnie pozostaje w r\u0119kach Lewicy \u2013 kieruje nim Marcin Kulasek, bliski wsp\u00f3\u0142pracownik W\u0142odzimierza Czarzastego. W Koalicji m\u00f3wi si\u0119 jednak, \u017ce Lewica mo\u017ce straci\u0107 kontrol\u0119 nad tym resortem. Jej g\u0142\u00f3wnym celem ma by\u0107 obrona kluczowych ministerstw: cyfryzacji (Krzysztof Gawkowski) i rodziny (Agnieszka Dziemianowicz-B\u0105k).<\/p>\n<p>Lewica ma tak\u017ce nadziej\u0119 na powo\u0142anie nowego resortu \u2013 ministerstwa mieszkalnictwa. Mia\u0142oby ono wzmocni\u0107 jej polityczny przekaz i odr\u00f3\u017cni\u0107 j\u0105 od Partii Razem Adriana Zandberga. Czarzasty chcia\u0142by obsadzi\u0107 nowy resort swoimi lud\u017ami.<\/p>\n<h3><strong>Likwidacje w rz\u0105dzie Tuska?<\/strong><\/h3>\n<p>Nie tylko Lewica mo\u017ce straci\u0107 wp\u0142ywy. Wed\u0142ug nieoficjalnych informacji, znikn\u0105\u0107 mo\u017ce Ministerstwo Rozwoju, obecnie kierowane przez Krzysztofa Paszyka z PSL. Kompetencje resortu mog\u0142yby zosta\u0107 przej\u0119te przez Ministerstwo Finans\u00f3w lub \u2013 w alternatywnym scenariuszu \u2013 przez resort nauki.<\/p>\n<p>Pod znakiem zapytania stoi r\u00f3wnie\u017c przysz\u0142o\u015b\u0107 Ministerstwa Aktyw\u00f3w Pa\u0144stwowych. Obecny szef resortu Jakub Jaworowski m\u00f3g\u0142by zosta\u0107 przesuni\u0119ty do Ministerstwa Finans\u00f3w jako wiceminister, a jego dotychczasowa instytucja \u2013 zlikwidowana.<\/p>\n<p style=\"text-align: right\"><em>Na podst. Onet<\/em><\/p>\n","protected":false},"excerpt":{"rendered":"<p>Zbli\u017caj\u0105ca si\u0119 rekonstrukcja rz\u0105du Donalda Tuska mo\u017ce oznacza\u0107 koniec kariery dla niekt\u00f3rych bliskich wsp\u00f3\u0142pracownik\u00f3w Rafa\u0142a Trzaskowskiego. Wed\u0142ug ustale\u0144 Onetu, zmiany personalne i strukturalne maj\u0105 by\u0107&hellip;<\/p>\n","protected":false},"author":3,"featured_media":1986,"comment_status":"open","ping_status":"open","sticky":false,"template":"","format":"standard","meta":{"footnotes":""},"categories":[14,18],"tags":[],"class_list":["post-1985","post","type-post","status-publish","format-standard","has-post-thumbnail","hentry","category-polska","category-top-news"],"_links":{"self":[{"href":"https:\/\/radiopoloniawinnipeg.com\/index.php\/wp-json\/wp\/v2\/posts\/1985","targetHints":{"allow":["GET"]}}],"collection":[{"href":"https:\/\/radiopoloniawinnipeg.com\/index.php\/wp-json\/wp\/v2\/posts"}],"about":[{"href":"https:\/\/radiopoloniawinnipeg.com\/index.php\/wp-json\/wp\/v2\/types\/post"}],"author":[{"embeddable":true,"href":"https:\/\/radiopoloniawinnipeg.com\/index.php\/wp-json\/wp\/v2\/users\/3"}],"replies":[{"embeddable":true,"href":"https:\/\/radiopoloniawinnipeg.com\/index.php\/wp-json\/wp\/v2\/comments?post=1985"}],"version-history":[{"count":0,"href":"https:\/\/radiopoloniawinnipeg.com\/index.php\/wp-json\/wp\/v2\/posts\/1985\/revisions"}],"wp:featuredmedia":[{"embeddable":true,"href":"https:\/\/radiopoloniawinnipeg.com\/index.php\/wp-json\/wp\/v2\/media\/1986"}],"wp:attachment":[{"href":"https:\/\/radiopoloniawinnipeg.com\/index.php\/wp-json\/wp\/v2\/media?parent=1985"}],"wp:term":[{"taxonomy":"category","embeddable":true,"href":"https:\/\/radiopoloniawinnipeg.com\/index.php\/wp-json\/wp\/v2\/categories?post=1985"},{"taxonomy":"post_tag","embeddable":true,"href":"https:\/\/radiopoloniawinnipeg.com\/index.php\/wp-json\/wp\/v2\/tags?post=1985"}],"curies":[{"name":"wp","href":"https:\/\/api.w.org\/{rel}","templated":true}]}}