{"id":1993,"date":"2025-06-15T18:15:04","date_gmt":"2025-06-15T22:15:04","guid":{"rendered":"https:\/\/radiopoloniawinnipeg.com\/index.php\/2025\/06\/15\/minister-pelczynska-nalecz-ostro-krytykuje-rzad\/"},"modified":"2025-06-15T18:15:04","modified_gmt":"2025-06-15T22:15:04","slug":"minister-pelczynska-nalecz-ostro-krytykuje-rzad","status":"publish","type":"post","link":"https:\/\/radiopoloniawinnipeg.com\/index.php\/2025\/06\/15\/minister-pelczynska-nalecz-ostro-krytykuje-rzad\/","title":{"rendered":"Minister Pe\u0142czy\u0144ska-Na\u0142\u0119cz ostro krytykuje rz\u0105d"},"content":{"rendered":"<p><img decoding=\"async\" loading=\"lazy\" class=\"aligncenter size-custom-full-size wp-image-214974\" src=\"https:\/\/bejsment.com\/wp-content\/uploads\/2025\/06\/aapelczynska-636x478.jpg\" alt=\"\" width=\"636\" height=\"478\" \/><\/p>\n<p><strong>\u2013 Min\u0119\u0142y dwa tygodnie od wyborczej pora\u017cki Rafa\u0142a Trzaskowskiego, a mam wra\u017cenie, \u017ce stoimy w miejscu \u2013 alarmuje Katarzyna Pe\u0142czy\u0144ska-Na\u0142\u0119cz, minister funduszy i polityki regionalnej. Jej zdaniem, rz\u0105dz\u0105ca koalicja nie wyci\u0105gn\u0119\u0142a w\u0142a\u015bciwych wniosk\u00f3w z \u201elekcji udzielonej przez wyborc\u00f3w\u201d.<\/strong><\/p>\n<p>Szefowa MFiPR ostro skrytykowa\u0142a polityczne zamieszanie wok\u00f3\u0142 rekonstrukcji rz\u0105du. \u2013 Ci\u0105gn\u0105ce si\u0119 tygodniami przetasowania, wzajemne zaganianie si\u0119 do roboty, polityczny teatr \u2013 to nie wystarczy. Praca bez celu strategicznego to jak bieganie z taczkami bez patrzenia, co w nich wieziemy \u2013 oceni\u0142a w komentarzu opublikowanym w mediach spo\u0142eczno\u015bciowych.<\/p>\n<h3><strong>Trzy kluczowe wyzwania i recepty<\/strong><\/h3>\n<p>Pe\u0142czy\u0144ska-Na\u0142\u0119cz, reprezentuj\u0105ca Polsk\u0119 2050, wskaza\u0142a trzy g\u0142\u00f3wne zagro\u017cenia dla rozwoju Polski:<\/p>\n<ul>\n<li>Kryzys demograficzny \u2013 Zdaniem minister, Polska ma zaledwie 5\u20137 lat, by zapobiec \u201epustynnieniu rozwojowemu\u201d, kt\u00f3re ograniczy szanse rozwojowe do najwi\u0119kszych miast, zmuszaj\u0105c m\u0142odych do migracji.<\/li>\n<li>Niska wydajno\u015b\u0107 pracy \u2013 Polska znajduje si\u0119 na ko\u0144cu europejskich ranking\u00f3w innowacyjno\u015bci, a przestarza\u0142a infrastruktura energetyczna i wysokie ceny energii tylko pog\u0142\u0119biaj\u0105 problem. \u2013 Ci, kt\u00f3rzy nawo\u0142uj\u0105 do powrotu do w\u0119gla, opowiadaj\u0105 bzdury \u2013 stwierdzi\u0142a.<\/li>\n<li>Bezpiecze\u0144stwo i wojna \u2013 Wobec agresji Rosji konieczne s\u0105 ogromne inwestycje w zbrojenia. \u2013 Zgadzamy si\u0119 na to, ale ma\u0142o kto przyznaje, \u017ce te pieni\u0105dze musz\u0105 sk\u0105d\u015b pochodzi\u0107. Bud\u017cet nie ro\u015bnie na drzewach.<\/li>\n<\/ul>\n<h3><strong>Konkretne propozycje dzia\u0142a\u0144<\/strong><\/h3>\n<p>Minister wskaza\u0142a tak\u017ce kierunki niezb\u0119dnych reform:<\/p>\n<ul>\n<li>Innowacyjno\u015b\u0107 i technologie \u2013 Inwestycje w nowe technologie w polskich firmach maj\u0105 zwi\u0119kszy\u0107 efektywno\u015b\u0107 pracy i przygotowa\u0107 grunt pod czterodniowy tydzie\u0144 pracy. Rz\u0105d powinien wspiera\u0107 wsp\u00f3\u0142prac\u0119 nauki z biznesem i nak\u0142oni\u0107 banki do finansowania rozwoju, m.in. przez podatek od nadmiarowych zysk\u00f3w.<\/li>\n<li>Transformacja energetyczna \u2013 Musi by\u0107 kontynuowana, nie tylko z powodu bezpiecze\u0144stwa, ale tak\u017ce op\u0142acalno\u015bci dla krajowych firm.<\/li>\n<li>Wsparcie dla mniejszych miast \u2013 50 \u015brednich i mniejszych o\u015brodk\u00f3w powinno sta\u0107 si\u0119 regionalnymi biegunami rozwoju. \u2013 Transport publiczny nie mo\u017ce s\u0142u\u017cy\u0107 tylko bia\u0142ym ko\u0142nierzykom p\u0119dz\u0105cym mi\u0119dzy Warszaw\u0105 a Poznaniem. Trzeba zatrzyma\u0107 si\u0119 w Kaliszu \u2013 m\u00f3wi Pe\u0142czy\u0144ska-Na\u0142\u0119cz.<\/li>\n<li>Polityka mieszkaniowa \u2013 Mieszkania maj\u0105 by\u0107 dost\u0119pne dla m\u0142odych, nie stanowi\u0107 \u201e\u017cy\u0142y z\u0142ota\u201d dla spekulant\u00f3w. Minister postuluje likwidacj\u0119 dop\u0142at do kredyt\u00f3w, rozw\u00f3j budownictwa spo\u0142ecznego oraz podatek od trzeciego i kolejnych mieszka\u0144.<\/li>\n<li>Sprawiedliwe podatki \u2013 \u2013 Ludziom nie nale\u017cy podnosi\u0107 podatk\u00f3w, ale banki i cyfrowi giganci powinni p\u0142aci\u0107 wi\u0119cej \u2013 podkre\u015bli\u0142a. Jej zdaniem, pomys\u0142 zwi\u0119kszenia kwoty wolnej od podatku do 60 tys. z\u0142 bez rekompensat to populistyczna fikcja. \u2013 Braknie na edukacj\u0119, zdrowie i obronno\u015b\u0107 \u2013 ostrzega.<\/li>\n<\/ul>\n<h3><strong>\u201eSukces rz\u0105du jest konieczny \u2013 inaczej grozi nam brunatna Polska\u201d<\/strong><\/h3>\n<p>\u2013 Potrzebna jest diagnoza, plan i jego wdro\u017cenie. Bez tego nasz rz\u0105d nie osi\u0105gnie sukcesu \u2013 podsumowa\u0142a. \u2013 A sukces ten jest nie tylko mo\u017cliwy, ale i konieczny, je\u015bli nie chcemy za dwa lata obudzi\u0107 si\u0119 w brunatnej Polsce.<\/p>\n<p style=\"text-align: right\"><em>Na podst. WP<\/em><\/p>\n","protected":false},"excerpt":{"rendered":"<p>\u2013 Min\u0119\u0142y dwa tygodnie od wyborczej pora\u017cki Rafa\u0142a Trzaskowskiego, a mam wra\u017cenie, \u017ce stoimy w miejscu \u2013 alarmuje Katarzyna Pe\u0142czy\u0144ska-Na\u0142\u0119cz, minister funduszy i polityki regionalnej.&hellip;<\/p>\n","protected":false},"author":3,"featured_media":1994,"comment_status":"open","ping_status":"open","sticky":false,"template":"","format":"standard","meta":{"footnotes":""},"categories":[14,18],"tags":[],"class_list":["post-1993","post","type-post","status-publish","format-standard","has-post-thumbnail","hentry","category-polska","category-top-news"],"_links":{"self":[{"href":"https:\/\/radiopoloniawinnipeg.com\/index.php\/wp-json\/wp\/v2\/posts\/1993","targetHints":{"allow":["GET"]}}],"collection":[{"href":"https:\/\/radiopoloniawinnipeg.com\/index.php\/wp-json\/wp\/v2\/posts"}],"about":[{"href":"https:\/\/radiopoloniawinnipeg.com\/index.php\/wp-json\/wp\/v2\/types\/post"}],"author":[{"embeddable":true,"href":"https:\/\/radiopoloniawinnipeg.com\/index.php\/wp-json\/wp\/v2\/users\/3"}],"replies":[{"embeddable":true,"href":"https:\/\/radiopoloniawinnipeg.com\/index.php\/wp-json\/wp\/v2\/comments?post=1993"}],"version-history":[{"count":0,"href":"https:\/\/radiopoloniawinnipeg.com\/index.php\/wp-json\/wp\/v2\/posts\/1993\/revisions"}],"wp:featuredmedia":[{"embeddable":true,"href":"https:\/\/radiopoloniawinnipeg.com\/index.php\/wp-json\/wp\/v2\/media\/1994"}],"wp:attachment":[{"href":"https:\/\/radiopoloniawinnipeg.com\/index.php\/wp-json\/wp\/v2\/media?parent=1993"}],"wp:term":[{"taxonomy":"category","embeddable":true,"href":"https:\/\/radiopoloniawinnipeg.com\/index.php\/wp-json\/wp\/v2\/categories?post=1993"},{"taxonomy":"post_tag","embeddable":true,"href":"https:\/\/radiopoloniawinnipeg.com\/index.php\/wp-json\/wp\/v2\/tags?post=1993"}],"curies":[{"name":"wp","href":"https:\/\/api.w.org\/{rel}","templated":true}]}}