{"id":1999,"date":"2025-06-16T07:15:05","date_gmt":"2025-06-16T11:15:05","guid":{"rendered":"https:\/\/radiopoloniawinnipeg.com\/index.php\/2025\/06\/16\/polska-przygotowuje-ewakuacje-obywateli-z-izraela\/"},"modified":"2025-06-16T07:15:05","modified_gmt":"2025-06-16T11:15:05","slug":"polska-przygotowuje-ewakuacje-obywateli-z-izraela","status":"publish","type":"post","link":"https:\/\/radiopoloniawinnipeg.com\/index.php\/2025\/06\/16\/polska-przygotowuje-ewakuacje-obywateli-z-izraela\/","title":{"rendered":"Polska przygotowuje ewakuacj\u0119 obywateli z Izraela"},"content":{"rendered":"<div id=\"attachment_215028\" style=\"width: 646px\" class=\"wp-caption aligncenter\"><img decoding=\"async\" loading=\"lazy\" aria-describedby=\"caption-attachment-215028\" class=\"size-custom-full-size wp-image-215028\" src=\"https:\/\/bejsment.com\/wp-content\/uploads\/2025\/06\/aaewakuacja5-636x424.jpg\" alt=\"\" width=\"636\" height=\"424\" \/><\/p>\n<p id=\"caption-attachment-215028\" class=\"wp-caption-text\">Podsekretarz stanu w MSZ Henryka Mo\u015bcicka-Dendys oraz rzecznik prasowy MSZ Pawe\u0142 Wro\u0144ski na briefingu prasowym przed siedzib\u00b9 Ministerstwa Spraw Zagranicznych w Warszawie, 16 bm. Spotkanie dot. sytuacji na Bliskim Wschodzie.<\/p>\n<\/div>\n<p><strong>W ci\u0105gu najbli\u017cszych 48 godzin ma rozpocz\u0105\u0107 si\u0119 ewakuacja obywateli polskich z ogarni\u0119tego dzia\u0142aniami wojennymi Izraela. Jak poinformowa\u0142a wiceminister spraw zagranicznych Henryka Mo\u015bcicka-Dendys, operacja zostanie przeprowadzona drog\u0105 l\u0105dow\u0105 do stolicy Jordanii \u2013 Ammanu, sk\u0105d ewakuowani polec\u0105 rz\u0105dowym samolotem do Warszawy.<\/strong><\/p>\n<p>\u2013 Przestrze\u0144 powietrzna nad Izraelem pozostaje zamkni\u0119ta, co utrudnia wszelkie akcje ewakuacyjne \u2013 powiedzia\u0142a Mo\u015bcicka-Dendys podczas poniedzia\u0142kowej konferencji prasowej po posiedzeniu zespo\u0142u zarz\u0105dzania kryzysowego w MSZ.<\/p>\n<p>Wiceminister zaznaczy\u0142a, \u017ce ewakuacja dotyczy wy\u0142\u0105cznie obywateli przebywaj\u0105cych w Izraelu, a nie w ca\u0142ym regionie. \u2013 Otwarta jest droga l\u0105dowa przez Jordani\u0119, wi\u0119c wdro\u017cyli\u015bmy ju\u017c scenariusz ewakuacji Polak\u00f3w przez Amman \u2013 wyja\u015bni\u0142a.<\/p>\n<p>Szacuje si\u0119, \u017ce ewakuacj\u0105 zostanie obj\u0119tych oko\u0142o 200 os\u00f3b \u2013 g\u0142\u00f3wnie turyst\u00f3w oraz os\u00f3b przebywaj\u0105cych w Izraelu kr\u00f3tkoterminowo. \u2013 Do tej pory \u017cadne z pa\u0144stw europejskich nie zdecydowa\u0142o si\u0119 na podobn\u0105 akcj\u0119. Polska dzia\u0142a ostro\u017cnie, by nie wywo\u0142a\u0107 \u201eefektu kuli \u015bniegowej\u201d i nie zaostrza\u0107 sytuacji \u2013 podkre\u015bli\u0142a Mo\u015bcicka-Dendys.<\/p>\n<h3><strong>Ewakuacja b\u0119dzie bezp\u0142atna<\/strong><\/h3>\n<p>Rzecznik MSZ Pawe\u0142 Wro\u0144ski poinformowa\u0142, \u017ce ewakuacja zostanie w ca\u0142o\u015bci sfinansowana przez rz\u0105d. \u2013 To operacja pa\u0144stwowa, bezp\u0142atna dla ewakuowanych \u2013 zaznaczy\u0142.<\/p>\n<p>Odni\u00f3s\u0142 si\u0119 r\u00f3wnie\u017c do doniesie\u0144 medialnych o komercyjnych ofertach wyjazdu z Izraela, oferowanych przez jednego z konsul\u00f3w honorowych, kt\u00f3ry prowadzi biuro podr\u00f3\u017cy. \u2013 Konsul honorowy nie dzia\u0142a w imieniu MSZ. Nie organizujemy \u017cadnych p\u0142atnych ewakuacji \u2013 podkre\u015bli\u0142 Wro\u0144ski.<\/p>\n<p style=\"text-align: right\"><em>Na podst. Polsat News<\/em><\/p>\n","protected":false},"excerpt":{"rendered":"<p>Podsekretarz stanu w MSZ Henryka Mo\u015bcicka-Dendys oraz rzecznik prasowy MSZ Pawe\u0142 Wro\u0144ski na briefingu prasowym przed siedzib\u00b9 Ministerstwa Spraw Zagranicznych w Warszawie, 16 bm. Spotkanie&hellip;<\/p>\n","protected":false},"author":3,"featured_media":2000,"comment_status":"open","ping_status":"open","sticky":false,"template":"","format":"standard","meta":{"footnotes":""},"categories":[14,18],"tags":[],"class_list":["post-1999","post","type-post","status-publish","format-standard","has-post-thumbnail","hentry","category-polska","category-top-news"],"_links":{"self":[{"href":"https:\/\/radiopoloniawinnipeg.com\/index.php\/wp-json\/wp\/v2\/posts\/1999","targetHints":{"allow":["GET"]}}],"collection":[{"href":"https:\/\/radiopoloniawinnipeg.com\/index.php\/wp-json\/wp\/v2\/posts"}],"about":[{"href":"https:\/\/radiopoloniawinnipeg.com\/index.php\/wp-json\/wp\/v2\/types\/post"}],"author":[{"embeddable":true,"href":"https:\/\/radiopoloniawinnipeg.com\/index.php\/wp-json\/wp\/v2\/users\/3"}],"replies":[{"embeddable":true,"href":"https:\/\/radiopoloniawinnipeg.com\/index.php\/wp-json\/wp\/v2\/comments?post=1999"}],"version-history":[{"count":0,"href":"https:\/\/radiopoloniawinnipeg.com\/index.php\/wp-json\/wp\/v2\/posts\/1999\/revisions"}],"wp:featuredmedia":[{"embeddable":true,"href":"https:\/\/radiopoloniawinnipeg.com\/index.php\/wp-json\/wp\/v2\/media\/2000"}],"wp:attachment":[{"href":"https:\/\/radiopoloniawinnipeg.com\/index.php\/wp-json\/wp\/v2\/media?parent=1999"}],"wp:term":[{"taxonomy":"category","embeddable":true,"href":"https:\/\/radiopoloniawinnipeg.com\/index.php\/wp-json\/wp\/v2\/categories?post=1999"},{"taxonomy":"post_tag","embeddable":true,"href":"https:\/\/radiopoloniawinnipeg.com\/index.php\/wp-json\/wp\/v2\/tags?post=1999"}],"curies":[{"name":"wp","href":"https:\/\/api.w.org\/{rel}","templated":true}]}}