{"id":2003,"date":"2025-06-16T10:30:05","date_gmt":"2025-06-16T14:30:05","guid":{"rendered":"https:\/\/radiopoloniawinnipeg.com\/index.php\/2025\/06\/16\/prokuratura-wszczyna-sledztwo-ws-kawalerki-jerzego-z\/"},"modified":"2025-06-16T10:30:05","modified_gmt":"2025-06-16T14:30:05","slug":"prokuratura-wszczyna-sledztwo-ws-kawalerki-jerzego-z","status":"publish","type":"post","link":"https:\/\/radiopoloniawinnipeg.com\/index.php\/2025\/06\/16\/prokuratura-wszczyna-sledztwo-ws-kawalerki-jerzego-z\/","title":{"rendered":"Prokuratura wszczyna \u015bledztwo ws. kawalerki Jerzego \u017b."},"content":{"rendered":"<p><img decoding=\"async\" loading=\"lazy\" class=\"aligncenter size-custom-full-size wp-image-215033\" src=\"https:\/\/bejsment.com\/wp-content\/uploads\/2025\/06\/aakawalerka2-636x380.jpg\" alt=\"\" width=\"636\" height=\"380\" \/><\/p>\n<p><strong>Prokuratura Rejonowa Gda\u0144sk-\u015ar\u00f3dmie\u015bcie wszcz\u0119\u0142a dochodzenie w sprawie podejrzenia oszustwa przy nabyciu mieszkania w Gda\u0144sku przez \u201ejednego z kandydat\u00f3w na urz\u0105d Prezydenta RP\u201d.<\/strong><\/p>\n<p>\u2013 Do prokuratury wp\u0142yn\u0119\u0142y dwa zawiadomienia o mo\u017cliwo\u015bci pope\u0142nienia przest\u0119pstwa \u2013 poinformowa\u0142 rzecznik prasowy Mariusz Duszy\u0144ski. Jedno z nich z\u0142o\u017cy\u0142a senator Magdalena Biejat, drugie \u2013 osoba prywatna. Do\u0142\u0105czono r\u00f3wnie\u017c trzecie zawiadomienie od prezydent Gda\u0144ska Aleksandry Dulkiewicz.<\/p>\n<p>Prokurator przeprowadzi\u0142 wst\u0119pne czynno\u015bci sprawdzaj\u0105ce, pozyskuj\u0105c dokumentacj\u0119 m.in. z Aresztu \u015aledczego i Zak\u0142adu Karnego, z MOPR, DPS, NFZ oraz od zarz\u0105dcy budynku. Po analizie materia\u0142\u00f3w uznano, \u017ce istnieje uzasadnione podejrzenie pope\u0142nienia przest\u0119pstwa.<\/p>\n<p>\u015aledztwo dotyczy doprowadzenia Jerzego \u017b. do niekorzystnego rozporz\u0105dzenia mieniem \u2013 lokalem mieszkalnym o warto\u015bci 120 tys. z\u0142 \u2013 w zamian za niespe\u0142nione obietnice zapewnienia opieki i pomocy. Prokuratura ustali\u0142a, \u017ce sprawca mia\u0142 pos\u0142u\u017cy\u0107 si\u0119 pe\u0142nomocnictwem, by sprzeda\u0107 nieruchomo\u015b\u0107 na swoj\u0105 rzecz, nie przekazuj\u0105c ca\u0142ej um\u00f3wionej kwoty.<\/p>\n<p>Dochodzi\u0107 mia\u0142o do tego w latach 2012\u20132017 w Gda\u0144sku. Sprawa zosta\u0142a formalnie zarejestrowana 13 czerwca br.<\/p>\n<p style=\"text-align: right\"><em>Na podst. Polsat News<\/em><\/p>\n","protected":false},"excerpt":{"rendered":"<p>Prokuratura Rejonowa Gda\u0144sk-\u015ar\u00f3dmie\u015bcie wszcz\u0119\u0142a dochodzenie w sprawie podejrzenia oszustwa przy nabyciu mieszkania w Gda\u0144sku przez \u201ejednego z kandydat\u00f3w na urz\u0105d Prezydenta RP\u201d. \u2013 Do prokuratury&hellip;<\/p>\n","protected":false},"author":3,"featured_media":2004,"comment_status":"open","ping_status":"open","sticky":false,"template":"","format":"standard","meta":{"footnotes":""},"categories":[14,18],"tags":[],"class_list":["post-2003","post","type-post","status-publish","format-standard","has-post-thumbnail","hentry","category-polska","category-top-news"],"_links":{"self":[{"href":"https:\/\/radiopoloniawinnipeg.com\/index.php\/wp-json\/wp\/v2\/posts\/2003","targetHints":{"allow":["GET"]}}],"collection":[{"href":"https:\/\/radiopoloniawinnipeg.com\/index.php\/wp-json\/wp\/v2\/posts"}],"about":[{"href":"https:\/\/radiopoloniawinnipeg.com\/index.php\/wp-json\/wp\/v2\/types\/post"}],"author":[{"embeddable":true,"href":"https:\/\/radiopoloniawinnipeg.com\/index.php\/wp-json\/wp\/v2\/users\/3"}],"replies":[{"embeddable":true,"href":"https:\/\/radiopoloniawinnipeg.com\/index.php\/wp-json\/wp\/v2\/comments?post=2003"}],"version-history":[{"count":0,"href":"https:\/\/radiopoloniawinnipeg.com\/index.php\/wp-json\/wp\/v2\/posts\/2003\/revisions"}],"wp:featuredmedia":[{"embeddable":true,"href":"https:\/\/radiopoloniawinnipeg.com\/index.php\/wp-json\/wp\/v2\/media\/2004"}],"wp:attachment":[{"href":"https:\/\/radiopoloniawinnipeg.com\/index.php\/wp-json\/wp\/v2\/media?parent=2003"}],"wp:term":[{"taxonomy":"category","embeddable":true,"href":"https:\/\/radiopoloniawinnipeg.com\/index.php\/wp-json\/wp\/v2\/categories?post=2003"},{"taxonomy":"post_tag","embeddable":true,"href":"https:\/\/radiopoloniawinnipeg.com\/index.php\/wp-json\/wp\/v2\/tags?post=2003"}],"curies":[{"name":"wp","href":"https:\/\/api.w.org\/{rel}","templated":true}]}}