{"id":2011,"date":"2025-06-16T15:15:03","date_gmt":"2025-06-16T19:15:03","guid":{"rendered":"https:\/\/radiopoloniawinnipeg.com\/index.php\/2025\/06\/16\/premierzy-kanadyjskich-prowincji-szukaja-sojusznikow-w-usa-przeciwko-clom-trumpa\/"},"modified":"2025-06-16T15:15:03","modified_gmt":"2025-06-16T19:15:03","slug":"premierzy-kanadyjskich-prowincji-szukaja-sojusznikow-w-usa-przeciwko-clom-trumpa","status":"publish","type":"post","link":"https:\/\/radiopoloniawinnipeg.com\/index.php\/2025\/06\/16\/premierzy-kanadyjskich-prowincji-szukaja-sojusznikow-w-usa-przeciwko-clom-trumpa\/","title":{"rendered":"Premierzy kanadyjskich prowincji szukaj\u0105 sojusznik\u00f3w w USA przeciwko c\u0142om Trumpa"},"content":{"rendered":"<div id=\"attachment_215062\" style=\"width: 646px\" class=\"wp-caption aligncenter\"><img decoding=\"async\" loading=\"lazy\" aria-describedby=\"caption-attachment-215062\" class=\"size-custom-full-size wp-image-215062\" src=\"https:\/\/bejsment.com\/wp-content\/uploads\/2025\/06\/aastatehouse-636x385.jpg\" alt=\"\" width=\"636\" height=\"385\" \/><\/p>\n<p id=\"caption-attachment-215062\" class=\"wp-caption-text\">Spotkanie premier\u00f3w i gubernator\u00f3w odb\u0119dzie si\u0119 w poniedzia\u0142ek w Massachusetts State House w Bostonie.<\/p>\n<\/div>\n<p><strong>Premier Ontario Doug Ford wraz z czterema innymi premierami prowincji atlantyckich uda\u0142 si\u0119 w poniedzia\u0142ek do Bostonu, by rozmawia\u0107 z gubernatorami p\u00f3\u0142nocno-wschodnich stan\u00f3w USA o skutkach ce\u0142 Donalda Trumpa i mo\u017cliwo\u015bci budowy transgranicznych sojuszy. Spotkania odbywaj\u0105 si\u0119 w Massachusetts State House z udzia\u0142em delegacji siedmiu stan\u00f3w.<\/strong><\/p>\n<p>Do Forda do\u0142\u0105czyli premierzy: Tim Houston (Nowa Szkocja), Susan Holt (Nowy Brunszwik), Rob Lantz (Wyspa Ksi\u0119cia Edwarda) oraz John Hogan (Nowa Fundlandia i Labrador). Cho\u0107 wi\u0119kszo\u015b\u0107 uczestnicz\u0105cych gubernator\u00f3w to Demokraci, w tym gospodyni wydarzenia, gubernator Massachusetts Maura Healey, nie wiadomo, czy spotkania wp\u0142yn\u0105 na zmian\u0119 stanowiska Trumpa.<\/p>\n<h3><strong>Fortress Am-Can i walka o handel<\/strong><\/h3>\n<p><img decoding=\"async\" loading=\"lazy\" class=\"aligncenter size-custom-full-size wp-image-215063\" src=\"https:\/\/bejsment.com\/wp-content\/uploads\/2025\/06\/aaford4-636x358.jpg\" alt=\"\" width=\"636\" height=\"358\" \/><\/p>\n<p>Premier Ford promuje swoj\u0105 wizj\u0119 \u201eFortress Am-Can\u201d \u2013 strategicznego sojuszu Kanady i USA, kt\u00f3ry ma zapewni\u0107 obu krajom dobrobyt i bezpiecze\u0144stwo. Jak podkre\u015bli\u0142a jego rzeczniczka Hannah Jensen, Ford b\u0119dzie or\u0119dowa\u0142 za \u201enajbardziej chronionym i prosperuj\u0105cym partnerstwem na \u015bwiecie\u201d.<\/p>\n<p>Premierzy omawiaj\u0105 z gubernatorami skutki ce\u0142 dla lokalnych przedsi\u0119biorstw i mo\u017cliwo\u015bci wsp\u00f3\u0142pracy w zakresie handlu, energii, turystyki i produkcji.<\/p>\n<p>\u2013 Rekrutujemy sojusznik\u00f3w \u2013 powiedzia\u0142a Susan Holt z Nowego Brunszwiku, podkre\u015blaj\u0105c, \u017ce dzia\u0142ania maj\u0105 sk\u0142oni\u0107 gubernator\u00f3w i lider\u00f3w biznesu do wywarcia presji na Bia\u0142y Dom.<\/p>\n<h3><strong>\u201eTo decyzja prezydenta\u201d<\/strong><\/h3>\n<p>Premier Houston przyzna\u0142, \u017ce spotkania nie zmieni\u0105 decyzji Trumpa, ale mog\u0105 wzmocni\u0107 relacje mi\u0119dzyludzkie i regionalne. \u2013 To nie znaczy, \u017ce nie mo\u017cemy mie\u0107 pozytywnych relacji z gubernatorami i Amerykanami w og\u00f3le \u2013 zaznaczy\u0142.<\/p>\n<p>Z kolei gubernator Maine, Janet Mills, stwierdzi\u0142a, \u017ce retoryka Trumpa szkodzi relacjom.<\/p>\n<p>\u2013 Nie podzielamy tej wrogo\u015bci. Chcemy naprawi\u0107 zerwane wi\u0119zi \u2013 powiedzia\u0142a w rozmowie z CBC. Doda\u0142a, \u017ce c\u0142a wp\u0142ywaj\u0105 negatywnie na gospodark\u0119 jej stanu \u2013 od rolnictwa po turystyk\u0119 i browarnictwo.<\/p>\n<h3><strong>Nieobecni i polityczne konteksty<\/strong><\/h3>\n<p>Republika\u0144ska gubernator New Hampshire, Kelly Ayotte, nie wzi\u0119\u0142a udzia\u0142u w wydarzeniu i jako jedyna nie podpisa\u0142a listu zapraszaj\u0105cego premier\u00f3w. Wcze\u015bniej popar\u0142a kampani\u0119 Trumpa. Z kolei Quebec reprezentowa\u0142 wys\u0142annik premiera Fran\u00e7ois Legaulta.<\/p>\n<p>Daniel Schwanen z CD Howe Institute wskazuje, \u017ce zar\u00f3wno Demokraci, jak i Republikanie wiedz\u0105, i\u017c wojna celna z Kanad\u0105 szkodzi ameryka\u0144skim miejscom pracy \u2013 co czyni gubernator\u00f3w naturalnymi sojusznikami kanadyjskich premier\u00f3w.<\/p>\n<div id=\"attachment_215061\" style=\"width: 646px\" class=\"wp-caption aligncenter\"><img decoding=\"async\" loading=\"lazy\" aria-describedby=\"caption-attachment-215061\" class=\"size-custom-full-size wp-image-215061\" src=\"https:\/\/bejsment.com\/wp-content\/uploads\/2025\/06\/aaMauraHealey-636x364.jpg\" alt=\"\" width=\"636\" height=\"364\" \/><\/p>\n<p id=\"caption-attachment-215061\" class=\"wp-caption-text\">Gospodyni wydarzenia, gubernator Massachusetts Maura Healey<\/p>\n<\/div>\n<h3><strong>Spotkania w cieniu szczytu G7<\/strong><\/h3>\n<p>Wizyta premier\u00f3w w Bostonie zbieg\u0142a si\u0119 z obecno\u015bci\u0105 Donalda Trumpa w Albercie, gdzie bierze udzia\u0142 w szczycie G7. To kluczowe wydarzenie r\u00f3wnie\u017c dla premiera Marka Carneya, kt\u00f3ry podejmuje \u015bwiatowych lider\u00f3w w Kananaskis.<\/p>\n<p style=\"text-align: right\"><em>Na podst. CBC<\/em><\/p>\n","protected":false},"excerpt":{"rendered":"<p>Spotkanie premier\u00f3w i gubernator\u00f3w odb\u0119dzie si\u0119 w poniedzia\u0142ek w Massachusetts State House w Bostonie. Premier Ontario Doug Ford wraz z czterema innymi premierami prowincji atlantyckich&hellip;<\/p>\n","protected":false},"author":3,"featured_media":2012,"comment_status":"open","ping_status":"open","sticky":false,"template":"","format":"standard","meta":{"footnotes":""},"categories":[12,18],"tags":[],"class_list":["post-2011","post","type-post","status-publish","format-standard","has-post-thumbnail","hentry","category-kanada","category-top-news"],"_links":{"self":[{"href":"https:\/\/radiopoloniawinnipeg.com\/index.php\/wp-json\/wp\/v2\/posts\/2011","targetHints":{"allow":["GET"]}}],"collection":[{"href":"https:\/\/radiopoloniawinnipeg.com\/index.php\/wp-json\/wp\/v2\/posts"}],"about":[{"href":"https:\/\/radiopoloniawinnipeg.com\/index.php\/wp-json\/wp\/v2\/types\/post"}],"author":[{"embeddable":true,"href":"https:\/\/radiopoloniawinnipeg.com\/index.php\/wp-json\/wp\/v2\/users\/3"}],"replies":[{"embeddable":true,"href":"https:\/\/radiopoloniawinnipeg.com\/index.php\/wp-json\/wp\/v2\/comments?post=2011"}],"version-history":[{"count":0,"href":"https:\/\/radiopoloniawinnipeg.com\/index.php\/wp-json\/wp\/v2\/posts\/2011\/revisions"}],"wp:featuredmedia":[{"embeddable":true,"href":"https:\/\/radiopoloniawinnipeg.com\/index.php\/wp-json\/wp\/v2\/media\/2012"}],"wp:attachment":[{"href":"https:\/\/radiopoloniawinnipeg.com\/index.php\/wp-json\/wp\/v2\/media?parent=2011"}],"wp:term":[{"taxonomy":"category","embeddable":true,"href":"https:\/\/radiopoloniawinnipeg.com\/index.php\/wp-json\/wp\/v2\/categories?post=2011"},{"taxonomy":"post_tag","embeddable":true,"href":"https:\/\/radiopoloniawinnipeg.com\/index.php\/wp-json\/wp\/v2\/tags?post=2011"}],"curies":[{"name":"wp","href":"https:\/\/api.w.org\/{rel}","templated":true}]}}