{"id":2025,"date":"2025-06-17T06:30:04","date_gmt":"2025-06-17T10:30:04","guid":{"rendered":"https:\/\/radiopoloniawinnipeg.com\/index.php\/2025\/06\/17\/kanada-i-stany-zjednoczone-planuja-w-ciagu-30-dni-sfinalizowac-porozumienie\/"},"modified":"2025-06-17T06:30:04","modified_gmt":"2025-06-17T10:30:04","slug":"kanada-i-stany-zjednoczone-planuja-w-ciagu-30-dni-sfinalizowac-porozumienie","status":"publish","type":"post","link":"https:\/\/radiopoloniawinnipeg.com\/index.php\/2025\/06\/17\/kanada-i-stany-zjednoczone-planuja-w-ciagu-30-dni-sfinalizowac-porozumienie\/","title":{"rendered":"Kanada i Stany Zjednoczone planuj\u0105 w ci\u0105gu 30 dni sfinalizowa\u0107 porozumienie"},"content":{"rendered":"<p>Zgodnie z informacjami z biura premiera Marka Carneya, Kanada i Stany Zjednoczone planuj\u0105 w ci\u0105gu 30 dni sfinalizowa\u0107 porozumienie dotycz\u0105ce handlu i wsp\u00f3\u0142pracy w zakresie bezpiecze\u0144stwa. Premier Carney i prezydent Donald Trump ustalili ten cel podczas spotkania na szczycie G7, kt\u00f3ry odby\u0142 si\u0119 w Kananaskis.<\/p>\n<p>Jak wynika z oficjalnego podsumowania rozm\u00f3w, obaj przyw\u00f3dcy uznali, \u017ce dalsze negocjacje b\u0119d\u0105 prowadzone w nadchodz\u0105cych tygodniach, z zamiarem osi\u0105gni\u0119cia porozumienia w ci\u0105gu miesi\u0105ca. Podczas rozmowy wymienili si\u0119 stanowiskami na temat najwa\u017cniejszych punkt\u00f3w spornych, w tym bie\u017c\u0105cych napi\u0119\u0107 w relacjach handlowych, i zadeklarowali wol\u0119 dalszej wsp\u00f3\u0142pracy nad wsp\u00f3lnymi priorytetami.<\/p>\n<p>Trump, m\u00f3wi\u0105c do dziennikarzy obok Carneya, stwierdzi\u0142, \u017ce osi\u0105gni\u0119cie porozumienia jest realne, ale zale\u017cy od kompromisu obu stron. Broni\u0142 r\u00f3wnie\u017c swojej polityki celnej, kt\u00f3rej Kanada si\u0119 sprzeciwia. \u201eMam podej\u015bcie taryfowe, Mark ma inne \u2013 jego podoba si\u0119 niekt\u00f3rym ludziom\u201d \u2013 powiedzia\u0142 prezydent. \u2013 \u201eZobaczymy, czy uda nam si\u0119 dzi\u015b osi\u0105gn\u0105\u0107 konsensus\u201d.<\/p>\n<p>Jak doda\u0142, jego strategia taryfowa jest \u201eprosta i skuteczna\u201d, cho\u0107 przyzna\u0142, \u017ce Carney proponuje bardziej z\u0142o\u017cone, lecz r\u00f3wnie\u017c warto\u015bciowe rozwi\u0105zania.<\/p>\n<p>Spotkanie odby\u0142o si\u0119 po tygodniach telefonicznych rozm\u00f3w i wymiany wiadomo\u015bci mi\u0119dzy rz\u0105dami obu pa\u0144stw, staraj\u0105cych si\u0119 zako\u0144czy\u0107 trwaj\u0105cy sp\u00f3r celny zainicjowany przez USA. Minister handlu Dominic LeBlanc wyrazi\u0142 przekonanie, \u017ce rozmowy posun\u0119\u0142y si\u0119 naprz\u00f3d, cho\u0107 zaznaczy\u0142, \u017ce jeszcze nie osi\u0105gni\u0119to ostatecznego kompromisu. Zapowiedzia\u0142 te\u017c kolejne spotkanie jeszcze w tym tygodniu.<\/p>\n<p>Ambasador Kanady w Waszyngtonie, Kirsten Hillman, doda\u0142a, \u017ce cho\u0107 Trump nadal postrzega taryfy jako skuteczne narz\u0119dzie presji, jest nadzieja na zako\u0144czenie sporu. \u201eOdczuwamy przyspieszenie tempa rozm\u00f3w \u2013 to pozytywny sygna\u0142\u201d \u2013 powiedzia\u0142a.<\/p>\n<p>Zapytany o przebieg rozmowy z prezydentem USA, Carney odpowiedzia\u0142 kr\u00f3tko: \u201eWspaniale\u201d.<\/p>\n<p>Wizyta Trumpa na szczycie G7 by\u0142a jego pierwsz\u0105 wizyt\u0105 w Kanadzie po ponownym wyborze na prezydenta. W przesz\u0142o\u015bci kontrowersyjne wypowiedzi Trumpa sugeruj\u0105ce, \u017ce Kanada mog\u0142aby zosta\u0107 \u201e51. stanem\u201d, wzbudzi\u0142y silne emocje i protesty spo\u0142eczne, a tak\u017ce wezwania do bojkotu towar\u00f3w z USA. Tym razem jednak Trump unika\u0142 takich stwierdze\u0144.<\/p>\n<p>Zar\u00f3wno LeBlanc, jak i Hillman odm\u00f3wili odpowiedzi na pytanie, czy temat aneksji Kanady by\u0142 poruszany podczas rozm\u00f3w.<\/p>\n<p>Minister spraw zagranicznych Anita Anand okre\u015bli\u0142a rozmowy jako \u201ewra\u017cliwe\u201d, ze wzgl\u0119du na bliskie powi\u0105zania gospodarcze obu pa\u0144stw oraz napi\u0119cia wynikaj\u0105ce z wojny celnej. Zaznaczy\u0142a, \u017ce kolejne fale ce\u0142 dotkn\u0119\u0142y Kanad\u0119 i innych partner\u00f3w handlowych USA.<\/p>\n<p>Po podpisaniu nowej umowy handlowej z Wielk\u0105 Brytani\u0105 Trump zapowiedzia\u0142, \u017ce kolejne porozumienia s\u0105 ju\u017c w przygotowaniu.<\/p>\n<p>Spotkanie Carneya z Trumpem odby\u0142o si\u0119 jeszcze przed jego udzia\u0142em w g\u0142\u00f3wnych sesjach szczytu G7, podczas kt\u00f3rych poruszano tematy gospodarki, bezpiecze\u0144stwa oraz rozwoju sztucznej inteligencji. Carney zaplanowa\u0142 tak\u017ce osobne rozmowy z liderami pa\u0144stw G7: Japonii, Francji, W\u0142och, Niemiec, Wielkiej Brytanii oraz przedstawicielami Unii Europejskiej.<\/p>\n<p>Podczas sesji otwieraj\u0105cej obrady G7 Carney zaznaczy\u0142, \u017ce \u015bwiat znajduje si\u0119 w punkcie zwrotnym i organizacja musi dostosowa\u0107 si\u0119 do nowych reali\u00f3w: rosn\u0105cego zagro\u017cenia globalnego i niestabilno\u015bci ekonomicznej. \u201eMusimy dzia\u0142a\u0107 na rzecz budowania lepszego \u015bwiata\u201d \u2013 powiedzia\u0142, zwracaj\u0105c si\u0119 bezpo\u015brednio do Trumpa.<\/p>\n<p>\u201eNiekt\u00f3rzy z pa\u0144stwa, tak jak Pan, Panie Prezydencie, przewidzieli te zmiany i podejmuj\u0105 odwa\u017cne decyzje. Ale wszyscy zdajemy sobie spraw\u0119, \u017ce bezpiecze\u0144stwo nie istnieje bez stabilnej gospodarki, a gospodarka nie przetrwa bez odporno\u015bci. A ta odporno\u015b\u0107 bierze si\u0119 ze wsp\u00f3\u0142pracy \u2013 tej, kt\u00f3r\u0105 budujemy tutaj przy tym stole\u201d \u2013 powiedzia\u0142 Carney.<\/p>\n<p>Doda\u0142 te\u017c, \u017ce mimo r\u00f3\u017cnic zda\u0144 w wielu kwestiach, wsp\u00f3lne dzia\u0142ania mog\u0105 przynie\u015b\u0107 znacz\u0105ce korzy\u015bci obywatelom i ca\u0142emu \u015bwiatu.<\/p>\n<p>Podczas poniedzia\u0142kowego spotkania z Carneym premier Japonii Shigeru Ishiba wyrazi\u0142 nadziej\u0119 na post\u0119p w zakresie cyberbezpiecze\u0144stwa oraz podpisanie umowy dotycz\u0105cej nowoczesnych technologii obronnych.<\/p>\n<p>Premier Carney, od pocz\u0105tku kadencji, zabiega o poszerzenie partnerstw w dziedzinie bezpiecze\u0144stwa i handlu, staraj\u0105c si\u0119 ograniczy\u0107 nadmierne uzale\u017cnienie Kanady od relacji ze Stanami Zjednoczonymi. W poniedzia\u0142ek przedstawiciele Unii Europejskiej og\u0142osili, \u017ce Kanada prawdopodobnie podpisze z UE porozumienie dotycz\u0105ce zam\u00f3wie\u0144 w sektorze obronnym podczas wizyty Carneya w Brukseli pod koniec miesi\u0105ca.<\/p>\n<p>W tym samym dniu Carney spotka\u0142 si\u0119 z przewodnicz\u0105c\u0105 Komisji Europejskiej Ursul\u0105 von der Leyen i przewodnicz\u0105cym Rady Europejskiej Ant\u00f3nio Cost\u0105, aby om\u00f3wi\u0107 zacie\u015bnienie wsp\u00f3\u0142pracy w dziedzinach takich jak bezpiecze\u0144stwo, handel, surowce strategiczne oraz konflikt zbrojny na Ukrainie.<\/p>\n<p>W niedziel\u0119 Carney i brytyjski premier Keir Starmer og\u0142osili nowe inicjatywy maj\u0105ce na celu pog\u0142\u0119bienie wsp\u00f3\u0142pracy w dziedzinie handlu, obronno\u015bci, sztucznej inteligencji oraz nowoczesnych technologii.<\/p>\n<p>Podczas szczytu Trump odpowiada\u0142 r\u00f3wnie\u017c na pytania o nasilaj\u0105cy si\u0119 konflikt pomi\u0119dzy Iranem a Izraelem. Powt\u00f3rzy\u0142 swoje wcze\u015bniejsze twierdzenia, \u017ce Iran powinien by\u0142 wcze\u015bniej podpisa\u0107 porozumienie nuklearne z USA. \u201eMieli 60 dni, ja mia\u0142em 60 dni \u2013 i po 61 dniach og\u0142osi\u0142em, \u017ce umowy nie ma. Musz\u0105 rozmawia\u0107, zanim b\u0119dzie za p\u00f3\u017ano\u201d \u2013 powiedzia\u0142, nie precyzuj\u0105c, jakie warunki sk\u0142oni\u0142yby USA do interwencji militarnej.<\/p>\n<p>Trump odni\u00f3s\u0142 si\u0119 r\u00f3wnie\u017c do kwestii udzia\u0142u Rosji w G7, powtarzaj\u0105c, \u017ce jego zdaniem wykluczenie tego kraju w 2014 roku by\u0142o b\u0142\u0119dem. \u201eGdyby Rosja by\u0142a przy stole, nie by\u0142oby wojny na Ukrainie. I nie by\u0142oby jej te\u017c, gdybym by\u0142 prezydentem cztery lata temu\u201d \u2013 stwierdzi\u0142.<\/p>\n<p>Zapytany o to, czy Rosja powinna wr\u00f3ci\u0107 do G7, Trump odpowiedzia\u0142, \u017ce obecnie mo\u017ce by\u0107 na to za p\u00f3\u017ano. Co do ewentualnego udzia\u0142u Chin, powiedzia\u0142: \u201eTo nie jest z\u0142y pomys\u0142, nie mam nic przeciwko. Ale chodzi o to, \u017ceby rozmawia\u0107 z tymi, kt\u00f3rzy s\u0105 otwarci na dialog \u2013 Putin rozmawia ze mn\u0105, z innymi nie. Czuje si\u0119 ura\u017cony po wyrzuceniu z G8\u201d.<\/p>\n","protected":false},"excerpt":{"rendered":"<p>Zgodnie z informacjami z biura premiera Marka Carneya, Kanada i Stany Zjednoczone planuj\u0105 w ci\u0105gu 30 dni sfinalizowa\u0107 porozumienie dotycz\u0105ce handlu i wsp\u00f3\u0142pracy w zakresie&hellip;<\/p>\n","protected":false},"author":3,"featured_media":2026,"comment_status":"open","ping_status":"open","sticky":false,"template":"","format":"standard","meta":{"footnotes":""},"categories":[12,18],"tags":[],"class_list":["post-2025","post","type-post","status-publish","format-standard","has-post-thumbnail","hentry","category-kanada","category-top-news"],"_links":{"self":[{"href":"https:\/\/radiopoloniawinnipeg.com\/index.php\/wp-json\/wp\/v2\/posts\/2025","targetHints":{"allow":["GET"]}}],"collection":[{"href":"https:\/\/radiopoloniawinnipeg.com\/index.php\/wp-json\/wp\/v2\/posts"}],"about":[{"href":"https:\/\/radiopoloniawinnipeg.com\/index.php\/wp-json\/wp\/v2\/types\/post"}],"author":[{"embeddable":true,"href":"https:\/\/radiopoloniawinnipeg.com\/index.php\/wp-json\/wp\/v2\/users\/3"}],"replies":[{"embeddable":true,"href":"https:\/\/radiopoloniawinnipeg.com\/index.php\/wp-json\/wp\/v2\/comments?post=2025"}],"version-history":[{"count":0,"href":"https:\/\/radiopoloniawinnipeg.com\/index.php\/wp-json\/wp\/v2\/posts\/2025\/revisions"}],"wp:featuredmedia":[{"embeddable":true,"href":"https:\/\/radiopoloniawinnipeg.com\/index.php\/wp-json\/wp\/v2\/media\/2026"}],"wp:attachment":[{"href":"https:\/\/radiopoloniawinnipeg.com\/index.php\/wp-json\/wp\/v2\/media?parent=2025"}],"wp:term":[{"taxonomy":"category","embeddable":true,"href":"https:\/\/radiopoloniawinnipeg.com\/index.php\/wp-json\/wp\/v2\/categories?post=2025"},{"taxonomy":"post_tag","embeddable":true,"href":"https:\/\/radiopoloniawinnipeg.com\/index.php\/wp-json\/wp\/v2\/tags?post=2025"}],"curies":[{"name":"wp","href":"https:\/\/api.w.org\/{rel}","templated":true}]}}