{"id":2033,"date":"2025-06-17T12:30:05","date_gmt":"2025-06-17T16:30:05","guid":{"rendered":"https:\/\/radiopoloniawinnipeg.com\/index.php\/2025\/06\/17\/izrael-uderza-w-iranska-telewizje-prezenterka-uciekla-ze-studia\/"},"modified":"2025-06-17T12:30:05","modified_gmt":"2025-06-17T16:30:05","slug":"izrael-uderza-w-iranska-telewizje-prezenterka-uciekla-ze-studia","status":"publish","type":"post","link":"https:\/\/radiopoloniawinnipeg.com\/index.php\/2025\/06\/17\/izrael-uderza-w-iranska-telewizje-prezenterka-uciekla-ze-studia\/","title":{"rendered":"Izrael uderza w ira\u0144sk\u0105 telewizj\u0119. Prezenterka uciek\u0142a ze studia"},"content":{"rendered":"<p><em><img decoding=\"async\" loading=\"lazy\" class=\"aligncenter size-custom-full-size wp-image-215165\" src=\"https:\/\/bejsment.com\/wp-content\/uploads\/2025\/06\/aairanmedia-636x358.jpg\" alt=\"\" width=\"636\" height=\"358\" \/><\/em><\/p>\n<p><strong>Izraelskie si\u0142y zbrojne (IDF) przeprowadzi\u0142y precyzyjny atak na siedzib\u0119 pa\u0144stwowej telewizji Iranu \u2013 Islamic Republic of Iran Broadcasting (IRIB). <\/strong><\/p>\n<p>Do uderzenia dosz\u0142o w poniedzia\u0142ek, 16 czerwca. W sieci opublikowano nagrania, na kt\u00f3rych wida\u0107 moment, gdy prezenterka prowadz\u0105ca program na \u017cywo ucieka ze studia.<\/p>\n<blockquote class=\"twitter-tweet\" data-width=\"550\" data-dnt=\"true\">\n<p lang=\"en\" dir=\"ltr\"><a href=\"https:\/\/twitter.com\/hashtag\/BREAKING?src=hash&amp;ref_src=twsrc%5Etfw\">#BREAKING<\/a> Israeli airstrikes targeted Iran&#039;s state broadcaster in Tehran. <a href=\"https:\/\/t.co\/BHlZPGSEBg\">pic.twitter.com\/BHlZPGSEBg<\/a><\/p>\n<p>&mdash; Iran International English (@IranIntl_En) <a href=\"https:\/\/twitter.com\/IranIntl_En\/status\/1934629472231100618?ref_src=twsrc%5Etfw\">June 16, 2025<\/a><\/p>\n<\/blockquote>\n<p>Izraelska armia poda\u0142a, \u017ce operacja zosta\u0142a oparta na danych wywiadowczych, a przed atakiem ostrze\u017cono cywil\u00f3w \u2013 m.in. za pomoc\u0105 wiadomo\u015bci telefonicznych. Minister obrony Izraela Israel Katz zapowiedzia\u0142 wcze\u015bniej, \u017ce &#8220;ira\u0144ska propaganda i tuba pod\u017cegaj\u0105ca zniknie&#8221;.<\/p>\n<p>Wed\u0142ug strony izraelskiej budynek IRIB w Teheranie by\u0142 wykorzystywany do cel\u00f3w wojskowych przez si\u0142y zbrojne Iranu, a dzia\u0142alno\u015b\u0107 medialna mia\u0142a stanowi\u0107 jedynie przykrywk\u0119.<\/p>\n<p>Atak wpisuje si\u0119 w eskaluj\u0105c\u0105 od kilku dni wojn\u0119 izraelsko-ira\u0144sk\u0105. Izrael uderzy\u0142 wcze\u015bniej w ira\u0144skie instalacje nuklearne, bazy wojskowe i osoby zwi\u0105zane z programem j\u0105drowym. W odpowiedzi Teheran wystrzeli\u0142 w kierunku Izraela rakiety i drony.<\/p>\n<p>Prezydent USA Donald Trump ostrzeg\u0142 Iran, \u017ce ka\u017cda pr\u00f3ba ataku na ameryka\u0144skich \u017co\u0142nierzy w regionie spotka si\u0119 z odpowiedzi\u0105 \u201ena niespotykan\u0105 dot\u0105d skal\u0119\u201d.<\/p>\n<p style=\"text-align: right\"><em>Na podst. AP, X<\/em><\/p>\n","protected":false},"excerpt":{"rendered":"<p>Izraelskie si\u0142y zbrojne (IDF) przeprowadzi\u0142y precyzyjny atak na siedzib\u0119 pa\u0144stwowej telewizji Iranu \u2013 Islamic Republic of Iran Broadcasting (IRIB). Do uderzenia dosz\u0142o w poniedzia\u0142ek, 16&hellip;<\/p>\n","protected":false},"author":3,"featured_media":2034,"comment_status":"open","ping_status":"open","sticky":false,"template":"","format":"standard","meta":{"footnotes":""},"categories":[15,18],"tags":[],"class_list":["post-2033","post","type-post","status-publish","format-standard","has-post-thumbnail","hentry","category-swiat","category-top-news"],"_links":{"self":[{"href":"https:\/\/radiopoloniawinnipeg.com\/index.php\/wp-json\/wp\/v2\/posts\/2033","targetHints":{"allow":["GET"]}}],"collection":[{"href":"https:\/\/radiopoloniawinnipeg.com\/index.php\/wp-json\/wp\/v2\/posts"}],"about":[{"href":"https:\/\/radiopoloniawinnipeg.com\/index.php\/wp-json\/wp\/v2\/types\/post"}],"author":[{"embeddable":true,"href":"https:\/\/radiopoloniawinnipeg.com\/index.php\/wp-json\/wp\/v2\/users\/3"}],"replies":[{"embeddable":true,"href":"https:\/\/radiopoloniawinnipeg.com\/index.php\/wp-json\/wp\/v2\/comments?post=2033"}],"version-history":[{"count":0,"href":"https:\/\/radiopoloniawinnipeg.com\/index.php\/wp-json\/wp\/v2\/posts\/2033\/revisions"}],"wp:featuredmedia":[{"embeddable":true,"href":"https:\/\/radiopoloniawinnipeg.com\/index.php\/wp-json\/wp\/v2\/media\/2034"}],"wp:attachment":[{"href":"https:\/\/radiopoloniawinnipeg.com\/index.php\/wp-json\/wp\/v2\/media?parent=2033"}],"wp:term":[{"taxonomy":"category","embeddable":true,"href":"https:\/\/radiopoloniawinnipeg.com\/index.php\/wp-json\/wp\/v2\/categories?post=2033"},{"taxonomy":"post_tag","embeddable":true,"href":"https:\/\/radiopoloniawinnipeg.com\/index.php\/wp-json\/wp\/v2\/tags?post=2033"}],"curies":[{"name":"wp","href":"https:\/\/api.w.org\/{rel}","templated":true}]}}