{"id":2041,"date":"2025-06-17T18:30:05","date_gmt":"2025-06-17T22:30:05","guid":{"rendered":"https:\/\/radiopoloniawinnipeg.com\/index.php\/2025\/06\/17\/rynkowski-zabral-glos-po-wypadku-zawiodlem\/"},"modified":"2025-06-17T18:30:05","modified_gmt":"2025-06-17T22:30:05","slug":"rynkowski-zabral-glos-po-wypadku-zawiodlem","status":"publish","type":"post","link":"https:\/\/radiopoloniawinnipeg.com\/index.php\/2025\/06\/17\/rynkowski-zabral-glos-po-wypadku-zawiodlem\/","title":{"rendered":"Rynkowski zabra\u0142 g\u0142os po wypadku: \u201eZawiod\u0142em&#8221;"},"content":{"rendered":"<p><img decoding=\"async\" loading=\"lazy\" class=\"aligncenter size-custom-full-size wp-image-215155\" src=\"https:\/\/bejsment.com\/wp-content\/uploads\/2025\/06\/aarynkowski4-636x424.jpg\" alt=\"\" width=\"636\" height=\"424\" \/><\/p>\n<p><strong>Jak ju\u017c pisali\u015bmy Ryszard Rynkowski podczas podr\u00f3\u017cy na\u00a0festiwal w\u00a0Opolu spowodowa\u0142 kolizj\u0119 pod\u00a0wp\u0142ywem alkoholu. Teraz artysta odni\u00f3s\u0142 si\u0119 do\u00a0sytuacji w\u00a0specjalnym o\u015bwiadczeniu.<\/strong><\/p>\n<p>Do zdarzenia dosz\u0142o w\u00a0sobot\u0119 przed po\u0142udniem w\u00a0Brodnicy (woj. kujawsko-pomorskie). Jak poinformowa\u0142 \u201eSuper Express&#8221;, wokalista spowodowa\u0142 kolizj\u0119 niedaleko swojego domu, wje\u017cd\u017caj\u0105c w\u00a0inne auto. \u201eVolkswagen podj\u0105\u0142 pr\u00f3b\u0119 wyprzedzania. Jecha\u0142 \u015brodkiem drogi. I\u00a0wtedy uderzy\u0142 w\u00a0bok jad\u0105cego z\u00a0naprzeciwka opla. Jego kierowca unikaj\u0105c wypadku, odbi\u0142 w\u00a0prawo i\u00a0zatrzyma\u0142 si\u0119. Kierowca opla pozna\u0142, \u017ce\u00a0za\u00a0kierownic\u0105 volkswagena siedzia\u0142 znany piosenkarz Ryszard R. (73 l)&#8221; \u2013\u00a0relacjonowa\u0142a gazeta.<\/p>\n<p>Policja ujawni\u0142a, \u017ce\u00a0znany piosenkarz mia\u0142 1,6 promila we\u00a0krwi.\u00a0Artysta us\u0142ysza\u0142 zarzuty. Gro\u017c\u0105 mu trzy lata wi\u0119zienia.<\/p>\n<h3><strong>Rynkowskiego pr\u00f3bowano t\u0142umaczy\u0107<\/strong><\/h3>\n<p>Jeszcze w\u00a0niedziel\u0119, w\u00a0rozmowie z\u00a0\u201eSuper Expressem&#8221;\u00a0menad\u017cer piosenkarza informowa\u0142, \u017ce\u00a0artysta mia\u0142 wypadek, w\u00a0kt\u00f3rym ucierpia\u0142a nieznacznie jedna osoba \u2013\u00a0on sam. Mia\u0142 uderzy\u0107 si\u0119 w\u00a0g\u0142ow\u0119 i\u00a0wymaga\u0107 za\u0142o\u017cenia szw\u00f3w. Zapewni\u0142 jednocze\u015bnie, \u017ce\u00a0nikomu innemu nic si\u0119 nie\u00a0sta\u0142o, a\u00a0jako przyczyn\u0119 kolizji poda\u0142 trudne warunki atmosferyczne. Jak stwierdzi\u0142, gwiazdora o\u015blepi\u0142o s\u0142o\u0144ce.<\/p>\n<p>\u2013 Ryszard jecha\u0142 do\u00a0Opola. Mia\u0142 wypadek samochodowy. Obra\u017cenia s\u0105 bolesne. Ry\u015bku, nikt za\u00a0ciebie lepiej nie\u00a0za\u015bpiewa tu &#8220;Wypijmy za\u00a0b\u0142\u0119dy&#8221; \u2013\u00a0powiedzia\u0142 z\u00a0kolei Jacek Cygan ze\u00a0sceny w\u00a0Opolu, gdzie wokalista ostatecznie nie\u00a0dotar\u0142.<\/p>\n<h3><strong>Piosenkarz przeprasza fan\u00f3w<\/strong><\/h3>\n<p>W ko\u0144cu sam Ryszard Rynkowski zabra\u0142 g\u0142os w\u00a0sprawie wypadku w\u00a0poniedzia\u0142ek.<\/p>\n<p>\u201eDrodzy Fani, chcia\u0142em wszystkich Was najmocniej przeprosi\u0107 za\u00a0zdarzenie z\u00a0dnia 14 czerwca 2025 roku. Zdaj\u0119 sobie spraw\u0119 z\u00a0tego, \u017ce\u00a0zawiod\u0142em wielu z\u00a0Was, szczeg\u00f3lnie wspania\u0142\u0105 opolsk\u0105 publiczno\u015b\u0107. Obiecuj\u0119, \u017ce\u00a0sytuacja ta\u00a0stanowi\u0107 b\u0119dzie dla\u00a0mnie lekcj\u0119, z\u00a0kt\u00f3rej wyci\u0105gn\u0119 odpowiednie wnioski&#8221; \u2013\u00a0czytamy w\u00a0o\u015bwiadczeniu, kt\u00f3rego tre\u015b\u0107 przytacza portal Jastrz\u0105b Post.<\/p>\n<p>Zdaniem obro\u0144cy piosenkarza, w\u00a0sprawie wypadku zachodzi szereg w\u0105tpliwo\u015bci. Pe\u0142nomocnik Rynkowskiego zapowiada podj\u0119cie kolejnych dzia\u0142a\u0144.<\/p>\n<p style=\"text-align: right\"><em>Na podst. WP, JP<\/em><\/p>\n","protected":false},"excerpt":{"rendered":"<p>Jak ju\u017c pisali\u015bmy Ryszard Rynkowski podczas podr\u00f3\u017cy na\u00a0festiwal w\u00a0Opolu spowodowa\u0142 kolizj\u0119 pod\u00a0wp\u0142ywem alkoholu. Teraz artysta odni\u00f3s\u0142 si\u0119 do\u00a0sytuacji w\u00a0specjalnym o\u015bwiadczeniu. Do zdarzenia dosz\u0142o w\u00a0sobot\u0119 przed&hellip;<\/p>\n","protected":false},"author":3,"featured_media":2042,"comment_status":"open","ping_status":"open","sticky":false,"template":"","format":"standard","meta":{"footnotes":""},"categories":[14,18],"tags":[],"class_list":["post-2041","post","type-post","status-publish","format-standard","has-post-thumbnail","hentry","category-polska","category-top-news"],"_links":{"self":[{"href":"https:\/\/radiopoloniawinnipeg.com\/index.php\/wp-json\/wp\/v2\/posts\/2041","targetHints":{"allow":["GET"]}}],"collection":[{"href":"https:\/\/radiopoloniawinnipeg.com\/index.php\/wp-json\/wp\/v2\/posts"}],"about":[{"href":"https:\/\/radiopoloniawinnipeg.com\/index.php\/wp-json\/wp\/v2\/types\/post"}],"author":[{"embeddable":true,"href":"https:\/\/radiopoloniawinnipeg.com\/index.php\/wp-json\/wp\/v2\/users\/3"}],"replies":[{"embeddable":true,"href":"https:\/\/radiopoloniawinnipeg.com\/index.php\/wp-json\/wp\/v2\/comments?post=2041"}],"version-history":[{"count":0,"href":"https:\/\/radiopoloniawinnipeg.com\/index.php\/wp-json\/wp\/v2\/posts\/2041\/revisions"}],"wp:featuredmedia":[{"embeddable":true,"href":"https:\/\/radiopoloniawinnipeg.com\/index.php\/wp-json\/wp\/v2\/media\/2042"}],"wp:attachment":[{"href":"https:\/\/radiopoloniawinnipeg.com\/index.php\/wp-json\/wp\/v2\/media?parent=2041"}],"wp:term":[{"taxonomy":"category","embeddable":true,"href":"https:\/\/radiopoloniawinnipeg.com\/index.php\/wp-json\/wp\/v2\/categories?post=2041"},{"taxonomy":"post_tag","embeddable":true,"href":"https:\/\/radiopoloniawinnipeg.com\/index.php\/wp-json\/wp\/v2\/tags?post=2041"}],"curies":[{"name":"wp","href":"https:\/\/api.w.org\/{rel}","templated":true}]}}