{"id":2043,"date":"2025-06-17T20:30:06","date_gmt":"2025-06-18T00:30:06","guid":{"rendered":"https:\/\/radiopoloniawinnipeg.com\/index.php\/2025\/06\/17\/hiszpanie-oblewaja-turystow-woda-podczas-protestow-przeciwko-nadmiernej-turystyce\/"},"modified":"2025-06-17T20:30:06","modified_gmt":"2025-06-18T00:30:06","slug":"hiszpanie-oblewaja-turystow-woda-podczas-protestow-przeciwko-nadmiernej-turystyce","status":"publish","type":"post","link":"https:\/\/radiopoloniawinnipeg.com\/index.php\/2025\/06\/17\/hiszpanie-oblewaja-turystow-woda-podczas-protestow-przeciwko-nadmiernej-turystyce\/","title":{"rendered":"Hiszpanie oblewaj\u0105 turyst\u00f3w wod\u0105 podczas protest\u00f3w przeciwko nadmiernej turystyce"},"content":{"rendered":"<p><img decoding=\"async\" loading=\"lazy\" class=\"aligncenter size-custom-full-size wp-image-215106\" src=\"https:\/\/bejsment.com\/wp-content\/uploads\/2025\/06\/tuuu2-636x358.jpg\" alt=\"\" width=\"636\" height=\"358\" \/><\/p>\n<p><strong>W Barcelonie i na Majorce dosz\u0142o w niedziel\u0119 do nietypowych protest\u00f3w \u2013 aktywi\u015bci wyrazili sw\u00f3j sprzeciw wobec masowej turystyki, u\u017cywaj\u0105c pistolet\u00f3w na wod\u0119 przeciwko turystom. Marsze mia\u0142y na celu zwr\u00f3cenie uwagi na skutki uboczne przemys\u0142u turystycznego, kt\u00f3ry \u2013 ich zdaniem \u2013 pog\u0142\u0119bia kryzys mieszkaniowy i niszczy lokaln\u0105 to\u017csamo\u015b\u0107 miast.<\/strong><\/p>\n<p>By\u0142 to pierwszy tak skoordynowany protest z udzia\u0142em aktywist\u00f3w z po\u0142udniowej Europy, zaniepokojonych skutkami nadmiernej liczby turyst\u00f3w w popularnych miejscowo\u015bciach. Najwi\u0119ksze zgromadzenie odby\u0142o si\u0119 na Majorce, gdzie w Palmie zebra\u0142o si\u0119 oko\u0142o 5000 os\u00f3b. W innych cz\u0119\u015bciach Hiszpanii, a tak\u017ce w Wenecji i Lizbonie, r\u00f3wnie\u017c odby\u0142y si\u0119 demonstracje.<\/p>\n<p>W Barcelonie uczestnicy protestu maszerowali ulicami, trzymaj\u0105c transparenty z has\u0142ami takimi jak \u201eJeden turysta wi\u0119cej, jeden mieszkaniec mniej\u201d. Naklejki z napisem \u201eTurysta wracaj do domu\u201d pojawia\u0142y si\u0119 na drzwiach hoteli. Niekt\u00f3rzy protestuj\u0105cy opryskiwali turyst\u00f3w wod\u0105 \u2013 symboliczny gest, kt\u00f3ry mia\u0142 zak\u0142\u00f3ci\u0107 ich pobyt, ale tak\u017ce och\u0142odzi\u0107 ich w upalny dzie\u0144.<\/p>\n<p>\u2013 Barcelona zosta\u0142a oddana turystom. To walka o odzyskanie miasta przez jego mieszka\u0144c\u00f3w \u2013 m\u00f3wi\u0142 Andreu Mart\u00ednez, uczestnik protestu, kt\u00f3ry zwr\u00f3ci\u0142 uwag\u0119 na dramatyczny wzrost koszt\u00f3w wynajmu i wypieranie lokalnych sklep\u00f3w przez biznesy nastawione na turyst\u00f3w.<\/p>\n<p>Mart\u00ednez zauwa\u017cy\u0142, \u017ce jego czynsz poszed\u0142 w g\u00f3r\u0119 o ponad 30% z powodu wzrostu liczby mieszka\u0144 wynajmowanych turystycznie. Uwa\u017ca te\u017c, \u017ce sklepy z codziennymi produktami s\u0105 zast\u0119powane przez lokale z pami\u0105tkami i modnymi napojami.<\/p>\n<p>Na Majorce demonstranci skandowali has\u0142a takie jak \u201eWsz\u0119dzie tylko tury\u015bci\u201d, a niekt\u00f3rzy z nich r\u00f3wnie\u017c pos\u0142ugiwali si\u0119 pistoletami na wod\u0119. Wielu turyst\u00f3w zareagowa\u0142o na to z humorem \u2013 oblanie wod\u0105 traktowali jako przyjemne orze\u017awienie w upale.<\/p>\n<p>W Wenecji aktywi\u015bci protestowali przeciwko nowym inwestycjom hotelowym. Przed dwoma nowo otwartymi hotelami wywiesili baner z apelem o wstrzymanie budowy kolejnych, wskazuj\u0105c, \u017ce ostatnia mieszkanka jednego z budynk\u00f3w musia\u0142a si\u0119 stamt\u0105d wyprowadzi\u0107.<\/p>\n<p>W Barcelonie napi\u0119cie wzros\u0142o, gdy demonstranci dotarli pod du\u017cy hostel. Tam dosz\u0142o do oblania pracownik\u00f3w wod\u0105 i odpalenia petard. Jeden z pracownik\u00f3w splun\u0105\u0142 w stron\u0119 protestuj\u0105cych.<\/p>\n<p>Na ca\u0142ym \u015bwiecie miasta borykaj\u0105 si\u0119 z wyzwaniami, jakie niesie masowa turystyka i rozw\u00f3j platform wynajmu kr\u00f3tkoterminowego. W Hiszpanii frustracja mieszka\u0144c\u00f3w staje si\u0119 coraz bardziej widoczna. Kraj ten w 2024 roku odwiedzi\u0142o rekordowe 94 miliony turyst\u00f3w, przy populacji wynosz\u0105cej 48 milion\u00f3w.<\/p>\n<p>W\u0142adze zaczynaj\u0105 reagowa\u0107. Hiszpa\u0144ski rz\u0105d nakaza\u0142 niedawno Airbnb usuni\u0119cie z platformy 66 tysi\u0119cy ofert, kt\u00f3re narusza\u0142y lokalne przepisy. Minister praw konsumenta, Pablo Bustinduy, podkre\u015bli\u0142, \u017ce bran\u017ca turystyczna nie mo\u017ce narusza\u0107 podstawowych praw obywateli, takich jak dost\u0119p do mieszka\u0144.<\/p>\n<p>Barcelona zapowiedzia\u0142a, \u017ce do 2028 roku cofnie wszystkie 10 000 licencji na kr\u00f3tkoterminowy wynajem mieszka\u0144. W czasie niedzielnego protestu demonstranci trzymali transparenty z has\u0142ami: \u201eTw\u00f3j Airbnb by\u0142 moim domem\u201d.<\/p>\n<p>Bran\u017ca wynajmu odpiera zarzuty, twierdz\u0105c, \u017ce jest nies\u0142usznie obwiniana za zaniedbania polityczne. \u2013 Politycy szukaj\u0105 koz\u0142a ofiarnego za lata b\u0142\u0119d\u00f3w w zarz\u0105dzaniu mieszkaniami \u2013 powiedzia\u0142 Jaime Rodr\u00edguez de Santiago, dyrektor Airbnb na Hiszpani\u0119 i Portugali\u0119.<\/p>\n<p>Jednak wielu mieszka\u0144c\u00f3w, jak nauczyciel Txema Escorsa z Barcelony, ju\u017c dawno straci\u0142o zaufanie do takich wyja\u015bnie\u0144. \u2013 U\u015bwiadomi\u0142em sobie, \u017ce korzystaj\u0105c z Airbnb, sam przyczyniam si\u0119 do wypierania ludzi z ich mieszka\u0144 \u2013 podsumowa\u0142.<\/p>\n","protected":false},"excerpt":{"rendered":"<p>W Barcelonie i na Majorce dosz\u0142o w niedziel\u0119 do nietypowych protest\u00f3w \u2013 aktywi\u015bci wyrazili sw\u00f3j sprzeciw wobec masowej turystyki, u\u017cywaj\u0105c pistolet\u00f3w na wod\u0119 przeciwko turystom.&hellip;<\/p>\n","protected":false},"author":3,"featured_media":2044,"comment_status":"open","ping_status":"open","sticky":false,"template":"","format":"standard","meta":{"footnotes":""},"categories":[15,18],"tags":[],"class_list":["post-2043","post","type-post","status-publish","format-standard","has-post-thumbnail","hentry","category-swiat","category-top-news"],"_links":{"self":[{"href":"https:\/\/radiopoloniawinnipeg.com\/index.php\/wp-json\/wp\/v2\/posts\/2043","targetHints":{"allow":["GET"]}}],"collection":[{"href":"https:\/\/radiopoloniawinnipeg.com\/index.php\/wp-json\/wp\/v2\/posts"}],"about":[{"href":"https:\/\/radiopoloniawinnipeg.com\/index.php\/wp-json\/wp\/v2\/types\/post"}],"author":[{"embeddable":true,"href":"https:\/\/radiopoloniawinnipeg.com\/index.php\/wp-json\/wp\/v2\/users\/3"}],"replies":[{"embeddable":true,"href":"https:\/\/radiopoloniawinnipeg.com\/index.php\/wp-json\/wp\/v2\/comments?post=2043"}],"version-history":[{"count":0,"href":"https:\/\/radiopoloniawinnipeg.com\/index.php\/wp-json\/wp\/v2\/posts\/2043\/revisions"}],"wp:featuredmedia":[{"embeddable":true,"href":"https:\/\/radiopoloniawinnipeg.com\/index.php\/wp-json\/wp\/v2\/media\/2044"}],"wp:attachment":[{"href":"https:\/\/radiopoloniawinnipeg.com\/index.php\/wp-json\/wp\/v2\/media?parent=2043"}],"wp:term":[{"taxonomy":"category","embeddable":true,"href":"https:\/\/radiopoloniawinnipeg.com\/index.php\/wp-json\/wp\/v2\/categories?post=2043"},{"taxonomy":"post_tag","embeddable":true,"href":"https:\/\/radiopoloniawinnipeg.com\/index.php\/wp-json\/wp\/v2\/tags?post=2043"}],"curies":[{"name":"wp","href":"https:\/\/api.w.org\/{rel}","templated":true}]}}