{"id":2045,"date":"2025-06-18T07:30:06","date_gmt":"2025-06-18T11:30:06","guid":{"rendered":"https:\/\/radiopoloniawinnipeg.com\/index.php\/2025\/06\/18\/rozpad-trzeciej-drogi\/"},"modified":"2025-06-18T07:30:06","modified_gmt":"2025-06-18T11:30:06","slug":"rozpad-trzeciej-drogi","status":"publish","type":"post","link":"https:\/\/radiopoloniawinnipeg.com\/index.php\/2025\/06\/18\/rozpad-trzeciej-drogi\/","title":{"rendered":"Rozpad Trzeciej Drogi"},"content":{"rendered":"<div id=\"attachment_215206\" style=\"width: 646px\" class=\"wp-caption aligncenter\"><img decoding=\"async\" loading=\"lazy\" aria-describedby=\"caption-attachment-215206\" class=\"size-custom-full-size wp-image-215206\" src=\"https:\/\/bejsment.com\/wp-content\/uploads\/2025\/06\/aakosiniak-636x358.jpg\" alt=\"\" width=\"636\" height=\"358\" \/><\/p>\n<p id=\"caption-attachment-215206\" class=\"wp-caption-text\">W\u0142adys\u0142aw Kosiniak-Kamysz<\/p>\n<\/div>\n<p><strong>PSL zawiesza wsp\u00f3lny z Polsk\u0105 2050 projekt Trzecia Droga i w kolejnych wyborach wystartuje samodzielnie\u00a0&#8211; poda\u0142a we wtorek wieczorem \u201e<\/strong><strong>Wyborcza&#8221;, powo\u0142uj\u0105c si\u0119 na wa\u017cnego polityka PSL.<\/strong><\/p>\n<p>&#8211; Wybory parlamentarne dopiero za dwa lata. Nie wiemy, co si\u0119 wydarzy wcze\u015bniej. Ale musimy ju\u017c czyni\u0107 przygotowania &#8211; powiedzia\u0142 polityk. Decyzja w tej sprawie mia\u0142a zapa\u015b\u0107 na Radzie Nadzorczej PSL we wtorek.<\/p>\n<p>\u2013 Um\u00f3wili\u015bmy si\u0119 na cztery wybory i to jest za nami. Dobieg\u0142 fina\u0142 \u2013 og\u0142osi\u0142 w \u015brod\u0119 w Radiu ZET prezes PSL W\u0142adys\u0142aw Kosiniak-Kamysz, potwierdzaj\u0105c koniec wsp\u00f3\u0142pracy z Polsk\u0105 2050. Jak wyja\u015bni\u0142, Trzecia Droga by\u0142a projektem wyborczym, a ka\u017cde z ugrupowa\u0144 zachowa\u0142o swoj\u0105 niezale\u017cno\u015b\u0107. \u2013 To nie by\u0142 jeden organizm, tylko dwa osobne kluby parlamentarne \u2013 doda\u0142.<\/p>\n<p>Kosiniak-Kamysz zapewni\u0142, \u017ce cho\u0107 liczy\u0142 na wsp\u00f3lne og\u0142oszenie zako\u0144czenia sojuszu po zaplanowanych spotkaniach obu ugrupowa\u0144, decyzj\u0119 Rady Naczelnej PSL og\u0142oszono wcze\u015bniej. Ju\u017c dzie\u0144 wcze\u015bniej politycy Polski 2050, w tym Szymon Ho\u0142ownia, informowali o rozpadzie koalicji. \u2013 Przyjmujemy to ze zrozumieniem i wdzi\u0119czno\u015bci\u0105 \u2013 napisa\u0142 marsza\u0142ek Sejmu w mediach spo\u0142eczno\u015bciowych.<\/p>\n<p>Cho\u0107 formalna uchwa\u0142a nie zosta\u0142a jeszcze przyj\u0119ta, Kosiniak-Kamysz podkre\u015bla, \u017ce \u017cadna decyzja nie by\u0142a konieczna, bo Trzecia Droga od pocz\u0105tku by\u0142a sojuszem na wybory. \u2013 B\u0119dziemy nadal wsp\u00f3\u0142pracowa\u0107 w Sejmie i rz\u0105dzie. Mam o Szymonie Ho\u0142owni jak najlepsze zdanie \u2013 zapewni\u0142.<\/p>\n<p>Lider PSL zapowiedzia\u0142, \u017ce jego partia wystartuje samodzielnie w kolejnych wyborach parlamentarnych w 2027 roku. \u2013 Mamy w\u0142asny program, warto\u015bci, potencja\u0142. Zielony Okr\u0119g Przemys\u0142owy Kaszubia to wi\u0119kszy projekt ni\u017c CPK. Dzia\u0142amy \u2013 podkre\u015bli\u0142. Zaznaczy\u0142 te\u017c, \u017ce PSL jako jedyna partia trwa nieprzerwanie na scenie politycznej od 35 lat. By\u0142emu koalicjantowi \u017cyczy\u0142 powodzenia w samodzielnym starcie.<\/p>\n<h3><strong>Komentarz Szymona Ho\u0142owni<\/strong><\/h3>\n<div id=\"attachment_215204\" style=\"width: 646px\" class=\"wp-caption aligncenter\"><img decoding=\"async\" loading=\"lazy\" aria-describedby=\"caption-attachment-215204\" class=\"size-custom-full-size wp-image-215204\" src=\"https:\/\/bejsment.com\/wp-content\/uploads\/2025\/06\/aaholownia-1-636x358.jpg\" alt=\"\" width=\"636\" height=\"358\" \/><\/p>\n<p id=\"caption-attachment-215204\" class=\"wp-caption-text\">Szymon Ho\u0142ownia<\/p>\n<\/div>\n<p>Do sprawy odni\u00f3s\u0142 si\u0119 szef Polski 2050 Szymon Ho\u0142ownia. \u201eDecyzj\u0119 Rady Naczelnej naszego koalicjanta PSL faktycznym zako\u0144czeniu projektu Trzeciej Drogi, przyjmujemy ze zrozumieniem i wdzi\u0119czno\u015bci\u0105. Zrozumieniem, bo umawiali\u015bmy si\u0119 na seri\u0119 czterech wybor\u00f3w. Wdzi\u0119czno\u015bci\u0105, bo obustronnie dotrzymali\u015bmy wzajemnych zobowi\u0105za\u0144, a lojalno\u015b\u0107 i zaufanie to w polityce fundamentalna rzecz&#8221; &#8211; napisa\u0142 na platformie X.<\/p>\n<p>Ho\u0142ownia przekaza\u0142, \u017ce na 28 czerwca zosta\u0142a zwo\u0142ana Rada Naczelna Polski 2050. \u201eJeszcze raz potwierdzimy na niej nasz\u0105 determinacj\u0119 do konstruktywnej wsp\u00f3\u0142pracy z naszymi partnerami w walce o \u00abodkuwetowanie\u00bb sp\u00f3\u0142ek, naprawd\u0119 publiczne media, tanie i dost\u0119pne mieszkania, bezpiecze\u0144stwo cyfrowe naszych dzieci. W odnowionym rz\u0105dzie Koalicji 15.X b\u0119dziemy rzecznikami odwa\u017cnego rozwoju. A perspektywa samodzielnego startu w kolejnych wyborach daje nam dzi\u015b poczucie szczerej, politycznej rado\u015bci&#8221; &#8211; doda\u0142 marsza\u0142ek Sejmu.<\/p>\n<p style=\"text-align: right\"><em>Na podst. Polsat News<\/em><\/p>\n","protected":false},"excerpt":{"rendered":"<p>W\u0142adys\u0142aw Kosiniak-Kamysz PSL zawiesza wsp\u00f3lny z Polsk\u0105 2050 projekt Trzecia Droga i w kolejnych wyborach wystartuje samodzielnie\u00a0&#8211; poda\u0142a we wtorek wieczorem \u201eWyborcza&#8221;, powo\u0142uj\u0105c si\u0119 na&hellip;<\/p>\n","protected":false},"author":3,"featured_media":2046,"comment_status":"open","ping_status":"open","sticky":false,"template":"","format":"standard","meta":{"footnotes":""},"categories":[14,18],"tags":[],"class_list":["post-2045","post","type-post","status-publish","format-standard","has-post-thumbnail","hentry","category-polska","category-top-news"],"_links":{"self":[{"href":"https:\/\/radiopoloniawinnipeg.com\/index.php\/wp-json\/wp\/v2\/posts\/2045","targetHints":{"allow":["GET"]}}],"collection":[{"href":"https:\/\/radiopoloniawinnipeg.com\/index.php\/wp-json\/wp\/v2\/posts"}],"about":[{"href":"https:\/\/radiopoloniawinnipeg.com\/index.php\/wp-json\/wp\/v2\/types\/post"}],"author":[{"embeddable":true,"href":"https:\/\/radiopoloniawinnipeg.com\/index.php\/wp-json\/wp\/v2\/users\/3"}],"replies":[{"embeddable":true,"href":"https:\/\/radiopoloniawinnipeg.com\/index.php\/wp-json\/wp\/v2\/comments?post=2045"}],"version-history":[{"count":0,"href":"https:\/\/radiopoloniawinnipeg.com\/index.php\/wp-json\/wp\/v2\/posts\/2045\/revisions"}],"wp:featuredmedia":[{"embeddable":true,"href":"https:\/\/radiopoloniawinnipeg.com\/index.php\/wp-json\/wp\/v2\/media\/2046"}],"wp:attachment":[{"href":"https:\/\/radiopoloniawinnipeg.com\/index.php\/wp-json\/wp\/v2\/media?parent=2045"}],"wp:term":[{"taxonomy":"category","embeddable":true,"href":"https:\/\/radiopoloniawinnipeg.com\/index.php\/wp-json\/wp\/v2\/categories?post=2045"},{"taxonomy":"post_tag","embeddable":true,"href":"https:\/\/radiopoloniawinnipeg.com\/index.php\/wp-json\/wp\/v2\/tags?post=2045"}],"curies":[{"name":"wp","href":"https:\/\/api.w.org\/{rel}","templated":true}]}}