{"id":2049,"date":"2025-06-18T10:15:05","date_gmt":"2025-06-18T14:15:05","guid":{"rendered":"https:\/\/radiopoloniawinnipeg.com\/index.php\/2025\/06\/18\/posiedzenie-rbn-wsrod-uczestnikow-prezydent-elekt\/"},"modified":"2025-06-18T10:15:05","modified_gmt":"2025-06-18T14:15:05","slug":"posiedzenie-rbn-wsrod-uczestnikow-prezydent-elekt","status":"publish","type":"post","link":"https:\/\/radiopoloniawinnipeg.com\/index.php\/2025\/06\/18\/posiedzenie-rbn-wsrod-uczestnikow-prezydent-elekt\/","title":{"rendered":"Posiedzenie RBN. W\u015br\u00f3d uczestnik\u00f3w prezydent elekt"},"content":{"rendered":"<p><img decoding=\"async\" loading=\"lazy\" class=\"aligncenter size-custom-full-size wp-image-215235\" src=\"https:\/\/bejsment.com\/wp-content\/uploads\/2025\/06\/aarbnnawrocki-636x358.jpg\" alt=\"\" width=\"636\" height=\"358\" \/><\/p>\n<p><strong>Prezydent Andrzej Duda zwo\u0142a\u0142 w \u015brod\u0119 posiedzenie Rady Bezpiecze\u0144stwa Narodowego, kt\u00f3re po\u015bwi\u0119cone by\u0142o dw\u00f3m kluczowym tematom: nadchodz\u0105cemu szczytowi NATO w Hadze oraz bezpiecze\u0144stwu energetycznemu Polski. W obradach po raz pierwszy uczestniczy\u0142 prezydent elekt Karol Nawrocki.<\/strong><\/p>\n<p>\u2013 Szczyt NATO odbywa si\u0119 w kluczowym momencie \u2013 podkre\u015bli\u0142 Duda. Wskaza\u0142 na eskalacj\u0119 konfliktu na Bliskim Wschodzie i trwaj\u0105c\u0105 rosyjsk\u0105 agresj\u0119 na Ukrain\u0119. Zapowiedzia\u0142, \u017ce podczas spotkania w Hadze Polska b\u0119dzie zabiega\u0107 o dalsze zacie\u015bnianie wi\u0119zi transatlantyckich oraz poparcie dla cz\u0142onkostwa Ukrainy w NATO.<\/p>\n<p>\u2013 Naszym geostrategicznym celem jest, by jak najwi\u0119cej pa\u0144stw mi\u0119dzy nami a Rosj\u0105 by\u0142o cz\u0119\u015bci\u0105 wsp\u00f3lnoty Zachodu \u2013 m\u00f3wi\u0142 prezydent. \u2013 W przysz\u0142o\u015bci chcia\u0142bym, by tak by\u0142o r\u00f3wnie\u017c z Bia\u0142orusi\u0105 \u2013 doda\u0142.<\/p>\n<p><img decoding=\"async\" loading=\"lazy\" class=\"aligncenter size-custom-full-size wp-image-215238\" src=\"https:\/\/bejsment.com\/wp-content\/uploads\/2025\/06\/aaprezduda-636x424.jpg\" alt=\"\" width=\"636\" height=\"424\" \/><\/p>\n<p>Prezydent\u00a0 Duda zaznaczy\u0142, \u017ce wa\u017cnym punktem obrad b\u0119dzie te\u017c kwestia wydatk\u00f3w obronnych oraz obecno\u015bci wojsk USA w Europie. \u2013 Nie ma \u017cadnych sygna\u0142\u00f3w, \u017ce Amerykanie chc\u0105 si\u0119 wycofa\u0107 z Polski. Wr\u0119cz przeciwnie \u2013 m\u00f3wi\u0142, powo\u0142uj\u0105c si\u0119 na rozmowy z prezydentem Donaldem Trumpem.<\/p>\n<p>Drugim tematem narady by\u0142o bezpiecze\u0144stwo energetyczne. Prezydent zapowiedzia\u0142 om\u00f3wienie stanu prac nad pierwsz\u0105 polsk\u0105 elektrowni\u0105 j\u0105drow\u0105 i odni\u00f3s\u0142 si\u0119 do kwietniowej awarii energetycznej w Hiszpanii, Portugalii i cz\u0119\u015bci Francji. \u2013 Musimy spojrze\u0107 na nasz system i jego odporno\u015b\u0107 \u2013 zaznaczy\u0142.<\/p>\n<p>Na zako\u0144czenie Duda wyrazi\u0142 nadziej\u0119, \u017ce przysz\u0142y prezydent b\u0119dzie kontynuowa\u0142 tradycj\u0119 wsp\u00f3lnych debat w ramach RBN. \u2013 Za sze\u015b\u0107 tygodni ko\u0144cz\u0119 swoj\u0105 kadencj\u0119. Karol Nawrocki przejmie odpowiedzialno\u015b\u0107 jako pierwszy obywatel RP \u2013 powiedzia\u0142.<\/p>\n<p>Szef BBN gen. Dariusz \u0141ukowski podkre\u015bli\u0142, \u017ce priorytetami Polski na szczycie NATO b\u0119d\u0105 potwierdzenie sp\u00f3jno\u015bci Sojuszu oraz uznanie Rosji za d\u0142ugofalowe zagro\u017cenie.<\/p>\n<p style=\"text-align: right\"><em>Na podst. Polsat News<\/em><\/p>\n","protected":false},"excerpt":{"rendered":"<p>Prezydent Andrzej Duda zwo\u0142a\u0142 w \u015brod\u0119 posiedzenie Rady Bezpiecze\u0144stwa Narodowego, kt\u00f3re po\u015bwi\u0119cone by\u0142o dw\u00f3m kluczowym tematom: nadchodz\u0105cemu szczytowi NATO w Hadze oraz bezpiecze\u0144stwu energetycznemu Polski.&hellip;<\/p>\n","protected":false},"author":3,"featured_media":2050,"comment_status":"open","ping_status":"open","sticky":false,"template":"","format":"standard","meta":{"footnotes":""},"categories":[14,18],"tags":[],"class_list":["post-2049","post","type-post","status-publish","format-standard","has-post-thumbnail","hentry","category-polska","category-top-news"],"_links":{"self":[{"href":"https:\/\/radiopoloniawinnipeg.com\/index.php\/wp-json\/wp\/v2\/posts\/2049","targetHints":{"allow":["GET"]}}],"collection":[{"href":"https:\/\/radiopoloniawinnipeg.com\/index.php\/wp-json\/wp\/v2\/posts"}],"about":[{"href":"https:\/\/radiopoloniawinnipeg.com\/index.php\/wp-json\/wp\/v2\/types\/post"}],"author":[{"embeddable":true,"href":"https:\/\/radiopoloniawinnipeg.com\/index.php\/wp-json\/wp\/v2\/users\/3"}],"replies":[{"embeddable":true,"href":"https:\/\/radiopoloniawinnipeg.com\/index.php\/wp-json\/wp\/v2\/comments?post=2049"}],"version-history":[{"count":0,"href":"https:\/\/radiopoloniawinnipeg.com\/index.php\/wp-json\/wp\/v2\/posts\/2049\/revisions"}],"wp:featuredmedia":[{"embeddable":true,"href":"https:\/\/radiopoloniawinnipeg.com\/index.php\/wp-json\/wp\/v2\/media\/2050"}],"wp:attachment":[{"href":"https:\/\/radiopoloniawinnipeg.com\/index.php\/wp-json\/wp\/v2\/media?parent=2049"}],"wp:term":[{"taxonomy":"category","embeddable":true,"href":"https:\/\/radiopoloniawinnipeg.com\/index.php\/wp-json\/wp\/v2\/categories?post=2049"},{"taxonomy":"post_tag","embeddable":true,"href":"https:\/\/radiopoloniawinnipeg.com\/index.php\/wp-json\/wp\/v2\/tags?post=2049"}],"curies":[{"name":"wp","href":"https:\/\/api.w.org\/{rel}","templated":true}]}}