{"id":2057,"date":"2025-06-18T17:15:03","date_gmt":"2025-06-18T21:15:03","guid":{"rendered":"https:\/\/radiopoloniawinnipeg.com\/index.php\/2025\/06\/18\/wracaja-rabaty-na-auta-elektryczne\/"},"modified":"2025-06-18T17:15:03","modified_gmt":"2025-06-18T21:15:03","slug":"wracaja-rabaty-na-auta-elektryczne","status":"publish","type":"post","link":"https:\/\/radiopoloniawinnipeg.com\/index.php\/2025\/06\/18\/wracaja-rabaty-na-auta-elektryczne\/","title":{"rendered":"Wracaj\u0105 rabaty na auta elektryczne"},"content":{"rendered":"<div id=\"attachment_215231\" style=\"width: 646px\" class=\"wp-caption aligncenter\"><img decoding=\"async\" loading=\"lazy\" aria-describedby=\"caption-attachment-215231\" class=\"size-custom-full-size wp-image-215231\" src=\"https:\/\/bejsment.com\/wp-content\/uploads\/2025\/06\/aadabrusin-636x424.jpg\" alt=\"\" width=\"636\" height=\"424\" \/><\/p>\n<p id=\"caption-attachment-215231\" class=\"wp-caption-text\">Minister \u015brodowiska Julie Dabrusin<\/p>\n<\/div>\n<p><strong>Minister \u015brodowiska Julie Dabrusin zapowiedzia\u0142a we wtorek, \u017ce rz\u0105d federalny planuje przywr\u00f3cenie konsumenckich ulg na zakup pojazd\u00f3w elektrycznych. Szczeg\u00f3\u0142y programu nie s\u0105 jeszcze znane \u2013 nie wiadomo nawet, czy zachowa nazw\u0119 iZEV.<\/strong><\/p>\n<p>\u2013 Czy b\u0119dzie si\u0119 nazywa\u0107 iZEV? Tego nie mog\u0119 powiedzie\u0107. Ale b\u0119dzie rabat konsumencki \u2013 przekaza\u0142a Dabrusin w rozmowie z agencj\u0105 \u201eCanadian Press\u201d po sesji pyta\u0144 w Izbie Gmin.<\/p>\n<p>Program iZEV dzia\u0142a\u0142 od 2019 roku i oferowa\u0142 do 5000 dolar\u00f3w zni\u017cki na nowy pojazd elektryczny. Do stycznia 2025 r. skorzysta\u0142o z niego ponad p\u00f3\u0142 miliona Kanadyjczyk\u00f3w, a ca\u0142kowity koszt wyni\u00f3s\u0142 prawie 3 miliardy dolar\u00f3w. Na pocz\u0105tku tego roku fundusze si\u0119 wyczerpa\u0142y i program zosta\u0142 wstrzymany.<\/p>\n<h3><strong>Spadaj\u0105ca sprzeda\u017c i rosn\u0105ca krytyka<\/strong><\/h3>\n<p>Po zako\u0144czeniu dop\u0142at sprzeda\u017c pojazd\u00f3w elektrycznych w Kanadzie spad\u0142a gwa\u0142townie. W I kwartale 2025 r. samochody bezemisyjne stanowi\u0142y jedynie 8,1 proc. wszystkich nowych aut \u2013 w por\u00f3wnaniu do 16,5 proc. w ostatnim kwartale 2024 r. W samym kwietniu 2025 r. udzia\u0142 ten spad\u0142 do zaledwie 7,5 proc.<\/p>\n<p>Sytuacja ta wywo\u0142a\u0142a niepok\u00f3j w bran\u017cy motoryzacyjnej. Producenci apeluj\u0105 do rz\u0105du o przywr\u00f3cenie ulg i z\u0142agodzenie obowi\u0105zku bezemisyjnej sprzeda\u017cy, argumentuj\u0105c, \u017ce pojazdy elektryczne wci\u0105\u017c s\u0105 zbyt drogie dla przeci\u0119tnego konsumenta.<\/p>\n<p>R\u00f3wnocze\u015bnie Konserwaty\u015bci domagaj\u0105 si\u0119 zniesienia obowi\u0105zuj\u0105cego od 2023 r. mandatu, zgodnie z kt\u00f3rym wszystkie nowe lekkie pojazdy maj\u0105 by\u0107 bezemisyjne do 2035 r.<\/p>\n<p>\u2013 Obecnie rz\u0105d zmusza Kanadyjczyk\u00f3w do zakupu pojazd\u00f3w elektrycznych, co nie odpowiada potrzebom wielu rodzin \u2013 m\u00f3wi\u0142a pos\u0142anka Rachel Thomas.<\/p>\n<p>Dabrusin odrzuca te zarzuty, twierdz\u0105c, \u017ce obowi\u0105zek sprzeda\u017cy bezemisyjnych aut nie powinien by\u0107 znoszony z powodu ameryka\u0144skich ce\u0142. \u2013 Nie widz\u0119 powodu, dla kt\u00f3rego mieliby\u015bmy zmienia\u0107 nasze przepisy \u2013 podkre\u015bli\u0142a.<\/p>\n<p>Od 2026 roku co najmniej 20 proc. nowych samochod\u00f3w oferowanych w Kanadzie b\u0119dzie musia\u0142o mie\u0107 zerow\u0105 emisj\u0119. Wym\u00f3g ten b\u0119dzie systematycznie wzrasta\u0142, by osi\u0105gn\u0105\u0107 pe\u0142n\u0105 bezemisyjno\u015b\u0107 rynku nowych aut w 2035 r.<\/p>\n<p>Krytycy dop\u0142at pytaj\u0105 \u2013 z jakiego powodu podatnicy maj\u0105 dop\u0142aca\u0107, by producenci samochod\u00f3w zarobili wi\u0119cej pieni\u0119dzy? \u015awiat bardziej zdecydowanie odchodzi od \u201ezielonego \u0142adu\u201d, kt\u00f3ry coraz bardziej okazuje si\u0119 propagandow\u0105 sztuczk\u0105, maj\u0105c\u0105 nap\u0119dzi\u0107 klient\u00f3w producentom wiatrak\u00f3w, samochod\u00f3w elektrycznych, fotowoltaniki.<\/p>\n<p style=\"text-align: right\"><em>Na podst. Canadian Press<\/em><\/p>\n","protected":false},"excerpt":{"rendered":"<p>Minister \u015brodowiska Julie Dabrusin Minister \u015brodowiska Julie Dabrusin zapowiedzia\u0142a we wtorek, \u017ce rz\u0105d federalny planuje przywr\u00f3cenie konsumenckich ulg na zakup pojazd\u00f3w elektrycznych. Szczeg\u00f3\u0142y programu nie&hellip;<\/p>\n","protected":false},"author":3,"featured_media":2058,"comment_status":"open","ping_status":"open","sticky":false,"template":"","format":"standard","meta":{"footnotes":""},"categories":[12,18],"tags":[],"class_list":["post-2057","post","type-post","status-publish","format-standard","has-post-thumbnail","hentry","category-kanada","category-top-news"],"_links":{"self":[{"href":"https:\/\/radiopoloniawinnipeg.com\/index.php\/wp-json\/wp\/v2\/posts\/2057","targetHints":{"allow":["GET"]}}],"collection":[{"href":"https:\/\/radiopoloniawinnipeg.com\/index.php\/wp-json\/wp\/v2\/posts"}],"about":[{"href":"https:\/\/radiopoloniawinnipeg.com\/index.php\/wp-json\/wp\/v2\/types\/post"}],"author":[{"embeddable":true,"href":"https:\/\/radiopoloniawinnipeg.com\/index.php\/wp-json\/wp\/v2\/users\/3"}],"replies":[{"embeddable":true,"href":"https:\/\/radiopoloniawinnipeg.com\/index.php\/wp-json\/wp\/v2\/comments?post=2057"}],"version-history":[{"count":0,"href":"https:\/\/radiopoloniawinnipeg.com\/index.php\/wp-json\/wp\/v2\/posts\/2057\/revisions"}],"wp:featuredmedia":[{"embeddable":true,"href":"https:\/\/radiopoloniawinnipeg.com\/index.php\/wp-json\/wp\/v2\/media\/2058"}],"wp:attachment":[{"href":"https:\/\/radiopoloniawinnipeg.com\/index.php\/wp-json\/wp\/v2\/media?parent=2057"}],"wp:term":[{"taxonomy":"category","embeddable":true,"href":"https:\/\/radiopoloniawinnipeg.com\/index.php\/wp-json\/wp\/v2\/categories?post=2057"},{"taxonomy":"post_tag","embeddable":true,"href":"https:\/\/radiopoloniawinnipeg.com\/index.php\/wp-json\/wp\/v2\/tags?post=2057"}],"curies":[{"name":"wp","href":"https:\/\/api.w.org\/{rel}","templated":true}]}}