{"id":2059,"date":"2025-06-18T18:15:12","date_gmt":"2025-06-18T22:15:12","guid":{"rendered":"https:\/\/radiopoloniawinnipeg.com\/index.php\/2025\/06\/18\/giertych-nawrockiego-moze-zastapic-holownia\/"},"modified":"2025-06-18T18:15:12","modified_gmt":"2025-06-18T22:15:12","slug":"giertych-nawrockiego-moze-zastapic-holownia","status":"publish","type":"post","link":"https:\/\/radiopoloniawinnipeg.com\/index.php\/2025\/06\/18\/giertych-nawrockiego-moze-zastapic-holownia\/","title":{"rendered":"Giertych: Nawrockiego mo\u017ce zast\u0105pi\u0107 Ho\u0142ownia"},"content":{"rendered":"<p><img decoding=\"async\" loading=\"lazy\" class=\"aligncenter size-custom-full-size wp-image-215250\" src=\"https:\/\/bejsment.com\/wp-content\/uploads\/2025\/06\/aagiertych-1-636x478.jpg\" alt=\"\" width=\"636\" height=\"478\" \/><\/p>\n<p><strong>Roman Giertych zasugerowa\u0142 w \u015brod\u0119, \u017ce Zgromadzenie Narodowe powinno rozwa\u017cy\u0107 przerw\u0119 przed zaprzysi\u0119\u017ceniem Karola Nawrockiego na urz\u0105d prezydenta. W tym czasie obowi\u0105zki g\u0142owy pa\u0144stwa pe\u0142ni\u0142by marsza\u0142ek Sejmu. Giertych argumentuje, \u017ce nale\u017cy zaczeka\u0107 na ostateczne rozstrzygni\u0119cie S\u0105du Najwy\u017cszego w sprawie wa\u017cno\u015bci wybor\u00f3w.<\/strong><\/p>\n<p>Podczas konferencji prasowej pose\u0142 KO m\u00f3wi\u0142 o \u201efa\u0142szerstwach wyborczych\u201d i podwa\u017cy\u0142 wiarygodno\u015b\u0107 Izby Kontroli Nadzwyczajnej i Spraw Publicznych S\u0105du Najwy\u017cszego, kt\u00f3ra odpowiada za stwierdzenie wa\u017cno\u015bci wyboru prezydenta. Wed\u0142ug Giertycha izba ta zosta\u0142a powo\u0142ana przez PiS i nie gwarantuje niezale\u017cno\u015bci.<\/p>\n<p>\u2013 Zwracam si\u0119 do szef\u00f3w katedr prawa konstytucyjnego o opini\u0119: czy nie by\u0142oby w\u0142a\u015bciwe og\u0142oszenie przerwy w Zgromadzeniu Narodowym np. do 6 wrze\u015bnia i w tym czasie przeg\u0142osowanie nowej ustawy o S\u0105dzie Najwy\u017cszym \u2013 powiedzia\u0142.<\/p>\n<p>Giertych zaznaczy\u0142, \u017ce taki krok umo\u017cliwi\u0142by SN zebranie si\u0119 w nowym sk\u0142adzie i rzetelne rozpatrzenie protest\u00f3w wyborczych. \u2013 Wtedy b\u0119dzie mo\u017cna odpowiedzie\u0107, czy mamy przyj\u0105\u0107 przysi\u0119g\u0119 Nawrockiego, przeliczy\u0107 g\u0142osy, czy uniewa\u017cni\u0107 wybory. Uszanuj\u0119 ka\u017cdy z tych wariant\u00f3w \u2013 zadeklarowa\u0142, cho\u0107 osobi\u015bcie opowiada si\u0119 za ponownym przeliczeniem g\u0142os\u00f3w.<\/p>\n<h3><strong>PKW zatwierdzi\u0142a wyniki z poprawkami<\/strong><\/h3>\n<p>W poniedzia\u0142ek Pa\u0144stwowa Komisja Wyborcza przyj\u0119\u0142a sprawozdanie z wybor\u00f3w, uzupe\u0142nione o uwagi Ryszarda Balickiego dotycz\u0105ce nieprawid\u0142owo\u015bci \u2013 szczeg\u00f3lnie w drugiej turze. Za przyj\u0119ciem dokumentu g\u0142osowa\u0142o sze\u015bciu cz\u0142onk\u00f3w PKW, jeden by\u0142 przeciw, dw\u00f3ch si\u0119 wstrzyma\u0142o. Sprawozdanie trafi teraz do S\u0105du Najwy\u017cszego.<\/p>\n<p>Rz\u0105d Donalda Tuska podwa\u017ca status Izby Kontroli Nadzwyczajnej, powo\u0142uj\u0105c si\u0119 na wyroki europejskich trybuna\u0142\u00f3w. Tymczasem izba ta rozpocz\u0119\u0142a rozpatrywanie protest\u00f3w. S\u0119dziowie oceni\u0105, czy ewentualne nieprawid\u0142owo\u015bci mog\u0142y wp\u0142yn\u0105\u0107 na wynik g\u0142osowania. Termin sk\u0142adania protest\u00f3w min\u0105\u0142 16 czerwca.<\/p>\n<h3><strong>Niewielka r\u00f3\u017cnica g\u0142os\u00f3w<\/strong><\/h3>\n<p>Wybory wygra\u0142 Karol Nawrocki, kandydat PiS i dotychczasowy prezes IPN. W drugiej turze zdoby\u0142 50,89 proc. g\u0142os\u00f3w (10 606 877), pokonuj\u0105c Rafa\u0142a Trzaskowskiego (49,11 proc., 10 237 286). R\u00f3\u017cnica wynios\u0142a niespe\u0142na 370 tys. g\u0142os\u00f3w.<\/p>\n<p style=\"text-align: right\"><em>Na podst. i.Pl<\/em><\/p>\n","protected":false},"excerpt":{"rendered":"<p>Roman Giertych zasugerowa\u0142 w \u015brod\u0119, \u017ce Zgromadzenie Narodowe powinno rozwa\u017cy\u0107 przerw\u0119 przed zaprzysi\u0119\u017ceniem Karola Nawrockiego na urz\u0105d prezydenta. W tym czasie obowi\u0105zki g\u0142owy pa\u0144stwa pe\u0142ni\u0142by&hellip;<\/p>\n","protected":false},"author":3,"featured_media":2060,"comment_status":"open","ping_status":"open","sticky":false,"template":"","format":"standard","meta":{"footnotes":""},"categories":[14,18],"tags":[],"class_list":["post-2059","post","type-post","status-publish","format-standard","has-post-thumbnail","hentry","category-polska","category-top-news"],"_links":{"self":[{"href":"https:\/\/radiopoloniawinnipeg.com\/index.php\/wp-json\/wp\/v2\/posts\/2059","targetHints":{"allow":["GET"]}}],"collection":[{"href":"https:\/\/radiopoloniawinnipeg.com\/index.php\/wp-json\/wp\/v2\/posts"}],"about":[{"href":"https:\/\/radiopoloniawinnipeg.com\/index.php\/wp-json\/wp\/v2\/types\/post"}],"author":[{"embeddable":true,"href":"https:\/\/radiopoloniawinnipeg.com\/index.php\/wp-json\/wp\/v2\/users\/3"}],"replies":[{"embeddable":true,"href":"https:\/\/radiopoloniawinnipeg.com\/index.php\/wp-json\/wp\/v2\/comments?post=2059"}],"version-history":[{"count":0,"href":"https:\/\/radiopoloniawinnipeg.com\/index.php\/wp-json\/wp\/v2\/posts\/2059\/revisions"}],"wp:featuredmedia":[{"embeddable":true,"href":"https:\/\/radiopoloniawinnipeg.com\/index.php\/wp-json\/wp\/v2\/media\/2060"}],"wp:attachment":[{"href":"https:\/\/radiopoloniawinnipeg.com\/index.php\/wp-json\/wp\/v2\/media?parent=2059"}],"wp:term":[{"taxonomy":"category","embeddable":true,"href":"https:\/\/radiopoloniawinnipeg.com\/index.php\/wp-json\/wp\/v2\/categories?post=2059"},{"taxonomy":"post_tag","embeddable":true,"href":"https:\/\/radiopoloniawinnipeg.com\/index.php\/wp-json\/wp\/v2\/tags?post=2059"}],"curies":[{"name":"wp","href":"https:\/\/api.w.org\/{rel}","templated":true}]}}