{"id":2063,"date":"2025-06-19T08:30:04","date_gmt":"2025-06-19T12:30:04","guid":{"rendered":"https:\/\/radiopoloniawinnipeg.com\/index.php\/2025\/06\/19\/kanadyjczycy-z-iranskimi-korzeniami-martwia-sie-o-bliskich-w-strefie-wojny\/"},"modified":"2025-06-19T08:30:04","modified_gmt":"2025-06-19T12:30:04","slug":"kanadyjczycy-z-iranskimi-korzeniami-martwia-sie-o-bliskich-w-strefie-wojny","status":"publish","type":"post","link":"https:\/\/radiopoloniawinnipeg.com\/index.php\/2025\/06\/19\/kanadyjczycy-z-iranskimi-korzeniami-martwia-sie-o-bliskich-w-strefie-wojny\/","title":{"rendered":"Kanadyjczycy z ira\u0144skimi korzeniami martwi\u0105 si\u0119 o bliskich w strefie wojny"},"content":{"rendered":"<div id=\"attachment_215322\" style=\"width: 646px\" class=\"wp-caption aligncenter\"><img decoding=\"async\" loading=\"lazy\" aria-describedby=\"caption-attachment-215322\" class=\"size-custom-full-size wp-image-215322\" src=\"https:\/\/bejsment.com\/wp-content\/uploads\/2025\/06\/aamina-636x358.jpg\" alt=\"\" width=\"636\" height=\"358\" \/><\/p>\n<p id=\"caption-attachment-215322\" class=\"wp-caption-text\">Mina Morshed, ira\u0144sko-kanadyjska obywatelka mieszkaj\u0105ca w Toronto, kt\u00f3rej rodzina mieszka w Teheranie, m\u00f3wi, \u017ce z powodu braku dost\u0119pu do internetu w Iranie nie ma ju\u017c kontaktu z rodzicami i innymi cz\u0142onkami rodziny.<\/p>\n<\/div>\n<p><strong>Kanadyjczycy pochodzenia ira\u0144skiego z niepokojem \u015bledz\u0105 sytuacj\u0119 w Iranie i z trudem pr\u00f3buj\u0105 skontaktowa\u0107 si\u0119 z rodzinami, gdy w Teheranie spadaj\u0105 rakiety, a drogi ewakuacyjne s\u0105 zablokowane. W\u0142adze Iranu ograniczy\u0142y dost\u0119p do internetu, t\u0142umacz\u0105c to konieczno\u015bci\u0105 obrony przed cyberatakami ze strony Izraela.<\/strong><\/p>\n<p>Mina Morshed z Toronto m\u00f3wi, \u017ce nie ma kontaktu z chorymi rodzicami. Jej matka zdo\u0142a\u0142a przekaza\u0107 jedynie, \u017ce rozpocz\u0119\u0142y si\u0119 bombardowania.<\/p>\n<p>Besat Zardosht z London w Ontario powiedzia\u0142a, \u017ce \u200b\u200bjest szcz\u0119\u015bliwa, \u017ce ze swoj\u0105 c\u00f3rk\u0105 s\u0105 bezpieczne w Kanadzie, ale martwi si\u0119 o swoich przyjaci\u00f3\u0142, siostrzenice i bratank\u00f3w w Iranie.<\/p>\n<p>M\u00f3wi, \u017ce namawia\u0142a swoich bliskich, aby przeprowadzili si\u0119 do innego miasta, gdzie b\u0119dzie bezpieczniej.<\/p>\n<p>&#8211; Moje serce po prostu chcia\u0142o eksplodowa\u0107, gdy s\u0142ysza\u0142em od nich, b\u0119d\u0105c tutaj i nie mog\u0105c wiele zrobi\u0107 \u2013 powiedzia\u0142 Zardosht.<\/p>\n<p>Sara Shariati powiedzia\u0142a w rozmowie z reporterem CBC Vancouver, \u017ce ma problem z nawi\u0105zaniem kontaktu ze swoim ojcem, obywatelem Kanady i Iranu, i obawia si\u0119, \u017ce ju\u017c go nie zobaczy.<\/p>\n<p>&#8211; To przygn\u0119biaj\u0105cy czas \u2013 powiedzia\u0142a &#8211; My\u015bl\u0119, \u017ce wielu Ira\u0144czyk\u00f3w w diasporze, w tym ja, czuje si\u0119 bezradnych.<\/p>\n<p>Wed\u0142ug danych organizacji praw cz\u0142owieka z siedzib\u0105 w Waszyngtonie, w wyniku wymiany ognia mi\u0119dzy Iranem a Izraelem zgin\u0119\u0142o co najmniej 585 os\u00f3b w Iranie, w tym 239 cywil\u00f3w, a 24 osoby w Izraelu. Oba kraje zawiesi\u0142y loty, a tysi\u0105ce mieszka\u0144c\u00f3w pr\u00f3buj\u0105 uciec z miast samochodami, tworz\u0105c gigantyczne korki.<\/p>\n<div id=\"attachment_215323\" style=\"width: 646px\" class=\"wp-caption aligncenter\"><img decoding=\"async\" loading=\"lazy\" aria-describedby=\"caption-attachment-215323\" class=\"size-custom-full-size wp-image-215323\" src=\"https:\/\/bejsment.com\/wp-content\/uploads\/2025\/06\/aaratownicy-636x358.jpg\" alt=\"\" width=\"636\" height=\"358\" \/><\/p>\n<p id=\"caption-attachment-215323\" class=\"wp-caption-text\">Cz\u0142onkowie Ira\u0144skiego Czerwonego P\u00f3\u0142ksi\u0119\u017cyca przeszukuj\u0105 gruzy w poszukiwaniu ofiar po izraelskich atakach. Zdj\u0119cie opublikowane we wtorek w mediach spo\u0142eczno\u015bciowych.<\/p>\n<\/div>\n<p>Kanadyjczycy przebywaj\u0105cy w Iranie mog\u0105 pr\u00f3bowa\u0107 wydosta\u0107 si\u0119 przez granice z Turcj\u0105 lub Armeni\u0105. Doktor Panid Borhanjoo, kt\u00f3ry mieszka w Hamilton i odwiedza\u0142 rodzin\u0119 w Teheranie, zdo\u0142a\u0142 znale\u017a\u0107 kierowc\u0119, kt\u00f3ry zawi\u00f3z\u0142 go na granic\u0119 z Turcj\u0105.<\/p>\n<p>Tam uda\u0142o mu si\u0119 z\u0142apa\u0107 lot ze Stambu\u0142u do Toronto. Ale\u00a0 my\u015bla\u0142, \u017ce mo\u017ce zgin\u0105\u0107 w trakcie, gdy spada\u0142y bomby. I oczywi\u015bcie nadal martwi si\u0119 o rodzin\u0119, kt\u00f3r\u0105 zostawi\u0142.<\/p>\n<p>&#8211; Kiedy moja mama mnie przytuli\u0142a, powiedzia\u0142a: \u201eJe\u015bli widz\u0119 ci\u0119 ostatni raz, kocham ci\u0119.\u201d To jest co\u015b, czego nigdy nie b\u0119d\u0119 w stanie zapomnie\u0107 \u2013 powiedzia\u0142.<\/p>\n<p>Global Affairs Canada informuje, \u017ce w regionie zarejestrowanych jest ponad 4000 Kanadyjczyk\u00f3w w Iranie oraz ponad 6600 w Izraelu, na Zachodnim Brzegu i w Strefie Gazy. Ewakuowano ju\u017c kilkadziesi\u0105t os\u00f3b z Tel Awiwu i Ramallah.<\/p>\n<p>Z powodu braku ambasady Kanady w Iranie od 2012 roku dost\u0119p do us\u0142ug konsularnych w tym kraju jest ograniczony. Rz\u0105d Kanady odradza wszelkie podr\u00f3\u017ce do Iranu, Izraela, Strefy Gazy, Iraku, Syrii i Jemenu oraz niezalecane podr\u00f3\u017ce do Libanu i Jordanii.<\/p>\n<p style=\"text-align: right\"><em>Na podst. CBC<\/em><\/p>\n","protected":false},"excerpt":{"rendered":"<p>Mina Morshed, ira\u0144sko-kanadyjska obywatelka mieszkaj\u0105ca w Toronto, kt\u00f3rej rodzina mieszka w Teheranie, m\u00f3wi, \u017ce z powodu braku dost\u0119pu do internetu w Iranie nie ma ju\u017c&hellip;<\/p>\n","protected":false},"author":3,"featured_media":2064,"comment_status":"open","ping_status":"open","sticky":false,"template":"","format":"standard","meta":{"footnotes":""},"categories":[15,18],"tags":[],"class_list":["post-2063","post","type-post","status-publish","format-standard","has-post-thumbnail","hentry","category-swiat","category-top-news"],"_links":{"self":[{"href":"https:\/\/radiopoloniawinnipeg.com\/index.php\/wp-json\/wp\/v2\/posts\/2063","targetHints":{"allow":["GET"]}}],"collection":[{"href":"https:\/\/radiopoloniawinnipeg.com\/index.php\/wp-json\/wp\/v2\/posts"}],"about":[{"href":"https:\/\/radiopoloniawinnipeg.com\/index.php\/wp-json\/wp\/v2\/types\/post"}],"author":[{"embeddable":true,"href":"https:\/\/radiopoloniawinnipeg.com\/index.php\/wp-json\/wp\/v2\/users\/3"}],"replies":[{"embeddable":true,"href":"https:\/\/radiopoloniawinnipeg.com\/index.php\/wp-json\/wp\/v2\/comments?post=2063"}],"version-history":[{"count":0,"href":"https:\/\/radiopoloniawinnipeg.com\/index.php\/wp-json\/wp\/v2\/posts\/2063\/revisions"}],"wp:featuredmedia":[{"embeddable":true,"href":"https:\/\/radiopoloniawinnipeg.com\/index.php\/wp-json\/wp\/v2\/media\/2064"}],"wp:attachment":[{"href":"https:\/\/radiopoloniawinnipeg.com\/index.php\/wp-json\/wp\/v2\/media?parent=2063"}],"wp:term":[{"taxonomy":"category","embeddable":true,"href":"https:\/\/radiopoloniawinnipeg.com\/index.php\/wp-json\/wp\/v2\/categories?post=2063"},{"taxonomy":"post_tag","embeddable":true,"href":"https:\/\/radiopoloniawinnipeg.com\/index.php\/wp-json\/wp\/v2\/tags?post=2063"}],"curies":[{"name":"wp","href":"https:\/\/api.w.org\/{rel}","templated":true}]}}