{"id":2073,"date":"2025-06-19T14:15:05","date_gmt":"2025-06-19T18:15:05","guid":{"rendered":"https:\/\/radiopoloniawinnipeg.com\/index.php\/2025\/06\/19\/procesje-bozego-ciala-w-calej-polsce-i-nie-tylko\/"},"modified":"2025-06-19T14:15:05","modified_gmt":"2025-06-19T18:15:05","slug":"procesje-bozego-ciala-w-calej-polsce-i-nie-tylko","status":"publish","type":"post","link":"https:\/\/radiopoloniawinnipeg.com\/index.php\/2025\/06\/19\/procesje-bozego-ciala-w-calej-polsce-i-nie-tylko\/","title":{"rendered":"Procesje Bo\u017cego Cia\u0142a w ca\u0142ej Polsce i nie tylko"},"content":{"rendered":"<p><img decoding=\"async\" loading=\"lazy\" class=\"aligncenter size-custom-full-size wp-image-215353\" src=\"https:\/\/bejsment.com\/wp-content\/uploads\/2025\/06\/aaprocesja-636x478.jpg\" alt=\"\" width=\"636\" height=\"478\" \/><\/p>\n<p><strong>W czwartek Ko\u015bci\u00f3\u0142 katolicki obchodzi uroczysto\u015b\u0107 Naj\u015bwi\u0119tszego Cia\u0142a i Krwi Chrystusa \u2013 jedno z najwa\u017cniejszych i najbardziej publicznych \u015bwi\u0105t w roku liturgicznym. Znane powszechnie jako Bo\u017ce Cia\u0142o, przypomina o obecno\u015bci Chrystusa w Eucharystii i jest okazj\u0105 do uroczystego wyznania wiary. Wierni uczestnicz\u0105 w Mszach \u015bw., a nast\u0119pnie w procesjach z Naj\u015bwi\u0119tszym Sakramentem ulicami miast i wiosek.<\/strong><\/p>\n<p>To \u015bwi\u0119to nakazane \u2013 oznacza to, \u017ce ka\u017cdy katolik powinien tego dnia wzi\u0105\u0107 udzia\u0142 w liturgii.<\/p>\n<p>\u2013 Bo\u017ce Cia\u0142o to nie tylko religijna uroczysto\u015b\u0107, ale tak\u017ce moment publicznego \u015bwiadectwa \u2013 m\u00f3wi ks. Tomasz, proboszcz jednej z warszawskich parafii. \u2013 Wychodzimy z wiar\u0105 poza mury \u015bwi\u0105ty\u0144. To bardzo szczeg\u00f3lny dzie\u0144.<\/p>\n<h3><strong>Od objawienia do tradycji<\/strong><\/h3>\n<p>\u015awi\u0119to ma ponad 750 lat tradycji. Jego geneza si\u0119ga objawie\u0144 \u015bw. Julii z Cornillon, augustianki z okolic Li\u00e8ge. W wizji ujrza\u0142a tarcz\u0119 ksi\u0119\u017cyca z ciemn\u0105 plam\u0105 \u2013 symbolem brakuj\u0105cego \u015bwi\u0119ta ku czci Eucharystii. Cho\u0107 przez lata napotyka\u0142a op\u00f3r duchowie\u0144stwa, jej pragnienie zrealizowa\u0142 papie\u017c Urban IV, kt\u00f3ry w 1264 roku og\u0142osi\u0142 uroczysto\u015b\u0107 Bo\u017cego Cia\u0142a \u015bwi\u0119tem dla ca\u0142ego Ko\u015bcio\u0142a.<\/p>\n<p>Pierwsze publiczne procesje odby\u0142y si\u0119 w XIII wieku \u2013 w Li\u00e8ge i Kolonii. Do dzi\u015b stanowi\u0105 centralny punkt obchod\u00f3w.<\/p>\n<h3><strong>Austria: wiara na wodzie i w kwiatach<\/strong><\/h3>\n<p>Szczeg\u00f3lnie malownicze s\u0105 procesje Bo\u017cego Cia\u0142a w Austrii. W Karyntii i Styrii kobiety o \u015bwicie uk\u0142adaj\u0105 dywany z kwiat\u00f3w, tworz\u0105c barwne mozaiki pod nogi procesji. W regionie Pongau m\u0142odzi kawalerowie nios\u0105 kilkudziesi\u0119ciokilogramowe tyczki ozdobione polnymi kwiatami \u2013 symbol wsp\u00f3lnoty i oddania.<\/p>\n<p>Ale to wodne procesje przyci\u0105gaj\u0105 najwi\u0119ksz\u0105 uwag\u0119. W Hallstatt i Traunkirchen na \u0142odziach p\u0142ynie Naj\u015bwi\u0119tszy Sakrament \u2013 poprzedzany d\u017awi\u0119kiem dzwon\u00f3w, w otoczeniu ubranych w ludowe stroje wiernych. Zwyczaj, si\u0119gaj\u0105cy XVII wieku, narodzi\u0142 si\u0119 z konieczno\u015bci: g\u00f3rska zabudowa nie pozwala\u0142a na tradycyjn\u0105 procesj\u0119 l\u0105dow\u0105. Dzi\u015b jest nie tylko duchowym prze\u017cyciem, ale te\u017c symbolem lokalnej to\u017csamo\u015bci.<\/p>\n<p>W tym roku procesji w Hallstatt przewodniczy biskup Linzu Manfred Scheuer. To ju\u017c 400. rocznica tej tradycji \u2013 w miasteczku wpisanym na list\u0119 UNESCO.<\/p>\n<p>Procesje odbywaj\u0105 si\u0119 r\u00f3wnie\u017c na Dunaju \u2013 m.in. w Aschach \u2013 gdzie Eucharystia przemierza rzek\u0119 na pok\u0142adzie statk\u00f3w. Te formy pobo\u017cno\u015bci przyci\u0105gaj\u0105 zar\u00f3wno wiernych, jak i turyst\u00f3w.<\/p>\n<h3><strong>Wierni na ulicach, wiara na pokaz?<\/strong><\/h3>\n<p>Cho\u0107 dla wielu to dzie\u0144 g\u0142\u0119bokiej duchowo\u015bci, nie brakuje te\u017c g\u0142os\u00f3w krytyki. Procesje bywaj\u0105 traktowane jako barwny folklor, a obecno\u015b\u0107 t\u0142um\u00f3w nie zawsze idzie w parze z refleksj\u0105. Kap\u0142ani jednak podkre\u015blaj\u0105, \u017ce nawet gest uczestnictwa \u2013 je\u015bli jest szczery \u2013 ma warto\u015b\u0107.<\/p>\n<p>\u2013 To dzie\u0144, kiedy ludzie widz\u0105 Ko\u015bci\u00f3\u0142 obecny w przestrzeni publicznej \u2013 m\u00f3wi ks. Tomasz. \u2013 A to zawsze jest pocz\u0105tek rozmowy, mo\u017ce nawet powrotu.<\/p>\n<p style=\"text-align: right\"><em>Na podst. KAI<\/em><\/p>\n","protected":false},"excerpt":{"rendered":"<p>W czwartek Ko\u015bci\u00f3\u0142 katolicki obchodzi uroczysto\u015b\u0107 Naj\u015bwi\u0119tszego Cia\u0142a i Krwi Chrystusa \u2013 jedno z najwa\u017cniejszych i najbardziej publicznych \u015bwi\u0105t w roku liturgicznym. Znane powszechnie jako&hellip;<\/p>\n","protected":false},"author":3,"featured_media":2074,"comment_status":"open","ping_status":"open","sticky":false,"template":"","format":"standard","meta":{"footnotes":""},"categories":[14,18],"tags":[],"class_list":["post-2073","post","type-post","status-publish","format-standard","has-post-thumbnail","hentry","category-polska","category-top-news"],"_links":{"self":[{"href":"https:\/\/radiopoloniawinnipeg.com\/index.php\/wp-json\/wp\/v2\/posts\/2073","targetHints":{"allow":["GET"]}}],"collection":[{"href":"https:\/\/radiopoloniawinnipeg.com\/index.php\/wp-json\/wp\/v2\/posts"}],"about":[{"href":"https:\/\/radiopoloniawinnipeg.com\/index.php\/wp-json\/wp\/v2\/types\/post"}],"author":[{"embeddable":true,"href":"https:\/\/radiopoloniawinnipeg.com\/index.php\/wp-json\/wp\/v2\/users\/3"}],"replies":[{"embeddable":true,"href":"https:\/\/radiopoloniawinnipeg.com\/index.php\/wp-json\/wp\/v2\/comments?post=2073"}],"version-history":[{"count":0,"href":"https:\/\/radiopoloniawinnipeg.com\/index.php\/wp-json\/wp\/v2\/posts\/2073\/revisions"}],"wp:featuredmedia":[{"embeddable":true,"href":"https:\/\/radiopoloniawinnipeg.com\/index.php\/wp-json\/wp\/v2\/media\/2074"}],"wp:attachment":[{"href":"https:\/\/radiopoloniawinnipeg.com\/index.php\/wp-json\/wp\/v2\/media?parent=2073"}],"wp:term":[{"taxonomy":"category","embeddable":true,"href":"https:\/\/radiopoloniawinnipeg.com\/index.php\/wp-json\/wp\/v2\/categories?post=2073"},{"taxonomy":"post_tag","embeddable":true,"href":"https:\/\/radiopoloniawinnipeg.com\/index.php\/wp-json\/wp\/v2\/tags?post=2073"}],"curies":[{"name":"wp","href":"https:\/\/api.w.org\/{rel}","templated":true}]}}