{"id":2077,"date":"2025-06-19T16:30:06","date_gmt":"2025-06-19T20:30:06","guid":{"rendered":"https:\/\/radiopoloniawinnipeg.com\/index.php\/2025\/06\/19\/niemcy-krytykuja-rzad-za-chaotyczna-ewakuacje-z-izraela-zostawili-nas-samych\/"},"modified":"2025-06-19T16:30:06","modified_gmt":"2025-06-19T20:30:06","slug":"niemcy-krytykuja-rzad-za-chaotyczna-ewakuacje-z-izraela-zostawili-nas-samych","status":"publish","type":"post","link":"https:\/\/radiopoloniawinnipeg.com\/index.php\/2025\/06\/19\/niemcy-krytykuja-rzad-za-chaotyczna-ewakuacje-z-izraela-zostawili-nas-samych\/","title":{"rendered":"Niemcy krytykuj\u0105 rz\u0105d za chaotyczn\u0105 ewakuacj\u0119 z Izraela: \u201eZostawili nas samych\u201d"},"content":{"rendered":"<p>W obliczu eskalacji konfliktu mi\u0119dzy Izraelem a Iranem niemieccy obywatele przebywaj\u0105cy na miejscu wyra\u017caj\u0105 niezadowolenie z dzia\u0142a\u0144 w\u0142asnego rz\u0105du. Jak relacjonuj\u0105 media, wielu Niemc\u00f3w musia\u0142o <strong>samodzielnie zorganizowa\u0107 podr\u00f3\u017c do Jordanii<\/strong>, by stamt\u0105d odlecie\u0107 do kraju specjalnymi lotami, co wywo\u0142a\u0142o fal\u0119 frustracji i por\u00f3wna\u0144 do dzia\u0142a\u0144 innych pa\u0144stw.<\/p>\n<p>Pierwszy samolot z niemieckimi obywatelami ewakuowanymi z Izraela wyl\u0105dowa\u0142 we Frankfurcie wieczorem 18 czerwca. Na pok\u0142adzie maszyny lec\u0105cej z Ammanu by\u0142o 171 os\u00f3b. Na kolejny dzie\u0144 zaplanowano nast\u0119pny lot.<\/p>\n<p>Jednym z pasa\u017cer\u00f3w by\u0142 <strong>Daniel Halav<\/strong>, kt\u00f3ry przebywa\u0142 w Tel Awiwie, gdy dosz\u0142o do izraelskich atak\u00f3w na Iran. M\u0119\u017cczyzna musia\u0142 <strong>sam dotrze\u0107 do Ammanu<\/strong>, a po przylocie do Niemiec ostro skrytykowa\u0142 dzia\u0142ania w\u0142adz. \u2013 <em>Musieli\u015bmy sami zatroszczy\u0107 si\u0119 o transport do Jordanii. Mia\u0142em wra\u017cenie, \u017ce zostali\u015bmy zostawieni samym sobie<\/em> \u2013 powiedzia\u0142 w rozmowie z agencj\u0105 DPA. Wskaza\u0142 te\u017c, \u017ce ambasada Niemiec by\u0142a przez kilka dni nieczynna, a informacje o lotach dotar\u0142y zbyt p\u00f3\u017ano.<\/p>\n<p>Inni pasa\u017cerowie r\u00f3wnie\u017c relacjonowali, \u017ce podr\u00f3\u017c do Jordanii by\u0142a <strong>trudna i stresuj\u0105ca<\/strong>. Dla por\u00f3wnania wskazywali dzia\u0142ania rz\u0105d\u00f3w innych kraj\u00f3w. \u2013 <em>Polska wysy\u0142a autokary, Grecy organizuj\u0105 przejazdy do Egiptu, a my dostajemy tylko plik PDF z instrukcjami<\/em> \u2013 m\u00f3wi\u0142 w rozmowie z \u201eDie Welt\u201d <strong>Elieser Zavadsky<\/strong>, kt\u00f3ry przebywa\u0142 w Tel Awiwie z partnerk\u0105 z okazji 92. urodzin swojej matki \u2013 ocala\u0142ej z Holokaustu, urodzonej w Polsce. \u2013 <em>Zaczynam si\u0119 zastanawia\u0107, czy po prostu nie jeste\u015bmy wystarczaj\u0105co wa\u017cni. Jakby nasz paszport mniej znaczy\u0142<\/em> \u2013 doda\u0142.<\/p>\n<p>Wed\u0142ug Zavadsky\u2019ego w jego hotelu przebywa\u0142o oko\u0142o 20 Niemc\u00f3w, g\u0142\u00f3wnie starszych \u017byd\u00f3w. \u2013 <em>Nikt z nich nie by\u0142by w stanie sam pokona\u0107 drogi do Jordanii<\/em> \u2013 oceni\u0142.<\/p>\n<p>W odpowiedzi na te zarzuty niemieckie <strong>Ministerstwo Spraw Zagranicznych<\/strong> poinformowa\u0142o, \u017ce <strong>nie zorganizowano transportu z Izraela do Ammanu ze wzgl\u0119d\u00f3w bezpiecze\u0144stwa<\/strong>. MSZ przypomnia\u0142o, \u017ce izraelskie w\u0142adze wielokrotnie odradza\u0142y podr\u00f3\u017ce l\u0105dowe i tworzenie wi\u0119kszych zgromadze\u0144 ludzi. Zaznaczono tak\u017ce, \u017ce nie s\u0105 to loty ratunkowe w klasycznym rozumieniu, ale <strong>komercyjne loty specjalne<\/strong> dla os\u00f3b, kt\u00f3re nie mog\u0105 znale\u017a\u0107 bilet\u00f3w w regularnej ofercie linii lotniczych. Loty b\u0119d\u0105 organizowane nadal \u2013 je\u015bli pozwol\u0105 na to warunki i b\u0119dzie taka potrzeba.<\/p>\n<p>Wed\u0142ug danych MSZ, w izraelskiej bazie rejestracyjnej <strong>Elefand<\/strong> zapisa\u0142o si\u0119 oko\u0142o 4 tysi\u0119cy niemieckich obywateli przebywaj\u0105cych w Izraelu. W samym Iranie przebywa oko\u0142o tysi\u0105ca Niemc\u00f3w \u2013 zaleca si\u0119 im opuszczenie kraju drog\u0105 l\u0105dow\u0105 do Armenii, Turcji lub Azerbejd\u017canu, sk\u0105d mog\u0105 kontynuowa\u0107 podr\u00f3\u017c do Niemiec samolotem.<\/p>\n<p>Mimo zapewnie\u0144 resortu, <strong>wielu obywateli czuje si\u0119 zawiedzionych<\/strong> brakiem sprawnej, bezpo\u015bredniej pomocy i kontrastuje to z szybkim dzia\u0142aniem innych pa\u0144stw.<\/p>\n","protected":false},"excerpt":{"rendered":"<p>W obliczu eskalacji konfliktu mi\u0119dzy Izraelem a Iranem niemieccy obywatele przebywaj\u0105cy na miejscu wyra\u017caj\u0105 niezadowolenie z dzia\u0142a\u0144 w\u0142asnego rz\u0105du. Jak relacjonuj\u0105 media, wielu Niemc\u00f3w musia\u0142o&hellip;<\/p>\n","protected":false},"author":3,"featured_media":2078,"comment_status":"open","ping_status":"open","sticky":false,"template":"","format":"standard","meta":{"footnotes":""},"categories":[14,18],"tags":[],"class_list":["post-2077","post","type-post","status-publish","format-standard","has-post-thumbnail","hentry","category-polska","category-top-news"],"_links":{"self":[{"href":"https:\/\/radiopoloniawinnipeg.com\/index.php\/wp-json\/wp\/v2\/posts\/2077","targetHints":{"allow":["GET"]}}],"collection":[{"href":"https:\/\/radiopoloniawinnipeg.com\/index.php\/wp-json\/wp\/v2\/posts"}],"about":[{"href":"https:\/\/radiopoloniawinnipeg.com\/index.php\/wp-json\/wp\/v2\/types\/post"}],"author":[{"embeddable":true,"href":"https:\/\/radiopoloniawinnipeg.com\/index.php\/wp-json\/wp\/v2\/users\/3"}],"replies":[{"embeddable":true,"href":"https:\/\/radiopoloniawinnipeg.com\/index.php\/wp-json\/wp\/v2\/comments?post=2077"}],"version-history":[{"count":0,"href":"https:\/\/radiopoloniawinnipeg.com\/index.php\/wp-json\/wp\/v2\/posts\/2077\/revisions"}],"wp:featuredmedia":[{"embeddable":true,"href":"https:\/\/radiopoloniawinnipeg.com\/index.php\/wp-json\/wp\/v2\/media\/2078"}],"wp:attachment":[{"href":"https:\/\/radiopoloniawinnipeg.com\/index.php\/wp-json\/wp\/v2\/media?parent=2077"}],"wp:term":[{"taxonomy":"category","embeddable":true,"href":"https:\/\/radiopoloniawinnipeg.com\/index.php\/wp-json\/wp\/v2\/categories?post=2077"},{"taxonomy":"post_tag","embeddable":true,"href":"https:\/\/radiopoloniawinnipeg.com\/index.php\/wp-json\/wp\/v2\/tags?post=2077"}],"curies":[{"name":"wp","href":"https:\/\/api.w.org\/{rel}","templated":true}]}}