{"id":2085,"date":"2025-06-19T18:30:06","date_gmt":"2025-06-19T22:30:06","guid":{"rendered":"https:\/\/radiopoloniawinnipeg.com\/index.php\/2025\/06\/19\/kolumbijczycy-zatrzymani-w-polsce-po-wypadku-i-ataku-na-policjanta\/"},"modified":"2025-06-19T18:30:06","modified_gmt":"2025-06-19T22:30:06","slug":"kolumbijczycy-zatrzymani-w-polsce-po-wypadku-i-ataku-na-policjanta","status":"publish","type":"post","link":"https:\/\/radiopoloniawinnipeg.com\/index.php\/2025\/06\/19\/kolumbijczycy-zatrzymani-w-polsce-po-wypadku-i-ataku-na-policjanta\/","title":{"rendered":"Kolumbijczycy zatrzymani w Polsce po wypadku i ataku na policjanta"},"content":{"rendered":"<p><img decoding=\"async\" loading=\"lazy\" class=\"aligncenter size-custom-full-size wp-image-215348\" src=\"https:\/\/bejsment.com\/wp-content\/uploads\/2025\/06\/aakolumbijczycy-636x358.jpg\" alt=\"\" width=\"636\" height=\"358\" \/><\/p>\n<p><strong>Nocny patrol na ulicach Raciborza przerodzi\u0142 si\u0119 w niebezpieczny po\u015bcig z udzia\u0142em dw\u00f3ch obywateli Kolumbii. 25-letni kierowca toyoty, kt\u00f3ry nie posiada\u0142 uprawnie\u0144, nie zatrzyma\u0142 si\u0119 do kontroli drogowej. Razem z 31-letnim pasa\u017cerem zako\u0144czyli ucieczk\u0119 wypadkiem \u2013 a potem atakiem na funkcjonariuszy.<\/strong><\/p>\n<p>Do zdarzenia dosz\u0142o w sobot\u0119 p\u00f3\u017anym wieczorem, gdy policjanci z Wydzia\u0142u Ruchu Drogowego raciborskiej komendy zauwa\u017cyli podejrzane manewry toyoty na ulicy Rudzkiej. Gdy uruchomili sygna\u0142y \u015bwietlne, kierowca natychmiast przyspieszy\u0142 i zacz\u0105\u0142 ucieka\u0107 w stron\u0119 Zawady Ksi\u0105\u017c\u0119cej.<\/p>\n<p>Samoch\u00f3d p\u0119dzi\u0142 ulic\u0105 Gliwick\u0105 z du\u017c\u0105 pr\u0119dko\u015bci\u0105. W pewnym momencie kieruj\u0105cy straci\u0142 panowanie nad pojazdem, kt\u00f3ry wypad\u0142 z drogi i dachowa\u0142. 25-latek pr\u00f3bowa\u0142 kontynuowa\u0107 ucieczk\u0119 pieszo, ale po kr\u00f3tkim po\u015bcigu zosta\u0142 obezw\u0142adniony.<\/p>\n<p>R\u00f3wnolegle drugi funkcjonariusz pr\u00f3bowa\u0142 wyci\u0105gn\u0105\u0107 z rozbitego auta rannego pasa\u017cera. Ten jednak \u2013 mimo obra\u017ce\u0144 \u2013 rzuci\u0142 si\u0119 na policjanta. Zosta\u0142 szybko obezw\u0142adniony i r\u00f3wnie\u017c trafi\u0142 do aresztu.<\/p>\n<p>Jak si\u0119 okaza\u0142o, kierowca nie mia\u0142 prawa jazdy. Us\u0142ysza\u0142 zarzut niezatrzymania si\u0119 do kontroli, za co grozi mu do 5 lat wi\u0119zienia. Otrzyma\u0142 te\u017c mandat w wysoko\u015bci 5 tys. z\u0142 i odpowie za prowadzenie pojazdu bez uprawnie\u0144.<\/p>\n<p>31-letni pasa\u017cer stanie przed s\u0105dem za naruszenie nietykalno\u015bci cielesnej funkcjonariusza \u2013 to przest\u0119pstwo zagro\u017cone kar\u0105 do 3 lat pozbawienia wolno\u015bci.<\/p>\n<p>Obaj zatrzymani s\u0105 obywatelami Kolumbii. Spraw\u0119 prowadzi raciborska policja we wsp\u00f3\u0142pracy z prokuratur\u0105.<\/p>\n","protected":false},"excerpt":{"rendered":"<p>Nocny patrol na ulicach Raciborza przerodzi\u0142 si\u0119 w niebezpieczny po\u015bcig z udzia\u0142em dw\u00f3ch obywateli Kolumbii. 25-letni kierowca toyoty, kt\u00f3ry nie posiada\u0142 uprawnie\u0144, nie zatrzyma\u0142 si\u0119&hellip;<\/p>\n","protected":false},"author":3,"featured_media":2086,"comment_status":"open","ping_status":"open","sticky":false,"template":"","format":"standard","meta":{"footnotes":""},"categories":[14,18],"tags":[],"class_list":["post-2085","post","type-post","status-publish","format-standard","has-post-thumbnail","hentry","category-polska","category-top-news"],"_links":{"self":[{"href":"https:\/\/radiopoloniawinnipeg.com\/index.php\/wp-json\/wp\/v2\/posts\/2085","targetHints":{"allow":["GET"]}}],"collection":[{"href":"https:\/\/radiopoloniawinnipeg.com\/index.php\/wp-json\/wp\/v2\/posts"}],"about":[{"href":"https:\/\/radiopoloniawinnipeg.com\/index.php\/wp-json\/wp\/v2\/types\/post"}],"author":[{"embeddable":true,"href":"https:\/\/radiopoloniawinnipeg.com\/index.php\/wp-json\/wp\/v2\/users\/3"}],"replies":[{"embeddable":true,"href":"https:\/\/radiopoloniawinnipeg.com\/index.php\/wp-json\/wp\/v2\/comments?post=2085"}],"version-history":[{"count":0,"href":"https:\/\/radiopoloniawinnipeg.com\/index.php\/wp-json\/wp\/v2\/posts\/2085\/revisions"}],"wp:featuredmedia":[{"embeddable":true,"href":"https:\/\/radiopoloniawinnipeg.com\/index.php\/wp-json\/wp\/v2\/media\/2086"}],"wp:attachment":[{"href":"https:\/\/radiopoloniawinnipeg.com\/index.php\/wp-json\/wp\/v2\/media?parent=2085"}],"wp:term":[{"taxonomy":"category","embeddable":true,"href":"https:\/\/radiopoloniawinnipeg.com\/index.php\/wp-json\/wp\/v2\/categories?post=2085"},{"taxonomy":"post_tag","embeddable":true,"href":"https:\/\/radiopoloniawinnipeg.com\/index.php\/wp-json\/wp\/v2\/tags?post=2085"}],"curies":[{"name":"wp","href":"https:\/\/api.w.org\/{rel}","templated":true}]}}