{"id":2101,"date":"2025-06-20T14:15:05","date_gmt":"2025-06-20T18:15:05","guid":{"rendered":"https:\/\/radiopoloniawinnipeg.com\/index.php\/2025\/06\/20\/ewakuacja-z-izraela-65-polakow-wrocilo-do-kraju\/"},"modified":"2025-06-20T14:15:05","modified_gmt":"2025-06-20T18:15:05","slug":"ewakuacja-z-izraela-65-polakow-wrocilo-do-kraju","status":"publish","type":"post","link":"https:\/\/radiopoloniawinnipeg.com\/index.php\/2025\/06\/20\/ewakuacja-z-izraela-65-polakow-wrocilo-do-kraju\/","title":{"rendered":"Ewakuacja z Izraela. 65 Polak\u00f3w wr\u00f3ci\u0142o do kraju"},"content":{"rendered":"<p><img decoding=\"async\" loading=\"lazy\" class=\"aligncenter size-custom-full-size wp-image-215485\" src=\"https:\/\/bejsment.com\/wp-content\/uploads\/2025\/06\/aasamolot-636x358.jpg\" alt=\"\" width=\"636\" height=\"358\" \/><\/p>\n<p><strong>Samolot z 65 Polakami ewakuowanymi z Izraela przez Jordani\u0119 wyl\u0105dowa\u0142 w czwartek wieczorem na warszawskim Ok\u0119ciu. Wicepremier i szef MON W\u0142adys\u0142aw Kosiniak-Kamysz oraz premier Donald Tusk poinformowali o zako\u0144czonej sukcesem operacji.<\/strong><\/p>\n<p>\u2013 Gratuluj\u0119 \u017co\u0142nierzom sprawnej i bezpiecznej operacji \u2013 napisa\u0142 Kosiniak-Kamysz na platformie X. Doda\u0142, \u017ce ewakuacji dokonano przy wsp\u00f3\u0142pracy z MSZ, a operacj\u0119 przeprowadzili \u017co\u0142nierze Polskiego Kontyngentu Wojskowego stacjonuj\u0105cego w Jordanii. Transport zapewni\u0142 wojskowy samolot B-737.<\/p>\n<p>Ewakuowani Polacy chwalili organizacj\u0119 operacji.<\/p>\n<p>\u2013 Wszystko by\u0142o \u015bwietnie zorganizowane. Od konsula dostali\u015bmy napoje, kanapki i przek\u0105ski \u2013 relacjonowa\u0142 pan Piotr, jeden z uczestnik\u00f3w akcji. Przyzna\u0142 jednak, \u017ce w czasie podr\u00f3\u017cy autokar musia\u0142 schowa\u0107 si\u0119 pod wiaduktem z powodu nalotu.<\/p>\n<p>\u2013 Polska jest najlepszym krajem na \u015bwiecie. By\u0142o bardzo bezpiecznie. Inne kraje nie zorganizowa\u0142y ewakuacji \u2013 doda\u0142 m\u0119\u017cczyzna z podw\u00f3jnym obywatelstwem polskim i izraelskim.<\/p>\n<p>To kolejna udana operacja ewakuacyjna. W \u015brod\u0119 rano do Polski przylecia\u0142a pierwsza grupa obywateli ewakuowanych z Izraela przez Egipt \u2013 \u0142\u0105cznie 154 osoby, w tym 130 Polak\u00f3w i obywatele Niemiec, Austrii, Francji i Ukrainy.<\/p>\n<p>W czwartek rano do kraju dotar\u0142a r\u00f3wnie\u017c grupa 13 os\u00f3b ewakuowanych z Iranu. Polacy wylecieli z Teheranu przez Baku w Azerbejd\u017canie, a nast\u0119pnie przylecieli do Warszawy rejsowym samolotem.<\/p>\n<p style=\"text-align: right\"><em>Na podst. Polsat News<\/em><\/p>\n","protected":false},"excerpt":{"rendered":"<p>Samolot z 65 Polakami ewakuowanymi z Izraela przez Jordani\u0119 wyl\u0105dowa\u0142 w czwartek wieczorem na warszawskim Ok\u0119ciu. Wicepremier i szef MON W\u0142adys\u0142aw Kosiniak-Kamysz oraz premier Donald&hellip;<\/p>\n","protected":false},"author":3,"featured_media":2102,"comment_status":"open","ping_status":"open","sticky":false,"template":"","format":"standard","meta":{"footnotes":""},"categories":[14,18],"tags":[],"class_list":["post-2101","post","type-post","status-publish","format-standard","has-post-thumbnail","hentry","category-polska","category-top-news"],"_links":{"self":[{"href":"https:\/\/radiopoloniawinnipeg.com\/index.php\/wp-json\/wp\/v2\/posts\/2101","targetHints":{"allow":["GET"]}}],"collection":[{"href":"https:\/\/radiopoloniawinnipeg.com\/index.php\/wp-json\/wp\/v2\/posts"}],"about":[{"href":"https:\/\/radiopoloniawinnipeg.com\/index.php\/wp-json\/wp\/v2\/types\/post"}],"author":[{"embeddable":true,"href":"https:\/\/radiopoloniawinnipeg.com\/index.php\/wp-json\/wp\/v2\/users\/3"}],"replies":[{"embeddable":true,"href":"https:\/\/radiopoloniawinnipeg.com\/index.php\/wp-json\/wp\/v2\/comments?post=2101"}],"version-history":[{"count":0,"href":"https:\/\/radiopoloniawinnipeg.com\/index.php\/wp-json\/wp\/v2\/posts\/2101\/revisions"}],"wp:featuredmedia":[{"embeddable":true,"href":"https:\/\/radiopoloniawinnipeg.com\/index.php\/wp-json\/wp\/v2\/media\/2102"}],"wp:attachment":[{"href":"https:\/\/radiopoloniawinnipeg.com\/index.php\/wp-json\/wp\/v2\/media?parent=2101"}],"wp:term":[{"taxonomy":"category","embeddable":true,"href":"https:\/\/radiopoloniawinnipeg.com\/index.php\/wp-json\/wp\/v2\/categories?post=2101"},{"taxonomy":"post_tag","embeddable":true,"href":"https:\/\/radiopoloniawinnipeg.com\/index.php\/wp-json\/wp\/v2\/tags?post=2101"}],"curies":[{"name":"wp","href":"https:\/\/api.w.org\/{rel}","templated":true}]}}