{"id":2105,"date":"2025-06-20T17:30:03","date_gmt":"2025-06-20T21:30:03","guid":{"rendered":"https:\/\/radiopoloniawinnipeg.com\/index.php\/2025\/06\/20\/tragedia-w-banff-osuwisko-skal-przygniotlo-turystow\/"},"modified":"2025-06-20T17:30:03","modified_gmt":"2025-06-20T21:30:03","slug":"tragedia-w-banff-osuwisko-skal-przygniotlo-turystow","status":"publish","type":"post","link":"https:\/\/radiopoloniawinnipeg.com\/index.php\/2025\/06\/20\/tragedia-w-banff-osuwisko-skal-przygniotlo-turystow\/","title":{"rendered":"Tragedia w Banff: osuwisko ska\u0142 przygniot\u0142o turyst\u00f3w"},"content":{"rendered":"<p><img decoding=\"async\" loading=\"lazy\" class=\"aligncenter size-custom-full-size wp-image-215459\" src=\"https:\/\/bejsment.com\/wp-content\/uploads\/2025\/06\/aaosuwisko-636x477.jpg\" alt=\"\" width=\"636\" height=\"477\" \/><\/p>\n<p><strong>Jedna osoba zgin\u0119\u0142a, a trzy zosta\u0142y ranne w wyniku osuwiska skalnego w pobli\u017cu wodospadu Bow Glacier Falls w Parku Narodowym Banff. Do tragedii dosz\u0142o w czwartek po po\u0142udniu na popularnym szlaku turystycznym, po\u0142o\u017conym oko\u0142o 200 kilometr\u00f3w na p\u00f3\u0142nocny zach\u00f3d od Calgary.<\/strong><\/p>\n<p>Dwie osoby zosta\u0142y przetransportowane \u015bmig\u0142owcem do szpitala w Calgary, a trzecia \u2013 karetk\u0105 naziemn\u0105. Zakres obra\u017ce\u0144 nie zosta\u0142 jeszcze okre\u015blony.<\/p>\n<p>S\u0142u\u017cby ratunkowe potwierdzi\u0142y, \u017ce nikt wi\u0119cej nie zosta\u0142 poszkodowany. Szlak Bow Glacier Falls to dziewi\u0119ciokilometrowa trasa dost\u0119pna przez ca\u0142y rok, prowadz\u0105ca wzd\u0142u\u017c brzeg\u00f3w jeziora Bow.<\/p>\n<p>Niclas Brundell z Canmore, kt\u00f3ry by\u0142 \u015bwiadkiem zdarzenia, powiedzia\u0142 CBC, \u017ce wraz z \u017con\u0105 us\u0142ysza\u0142 grzmot i spadaj\u0105ce kamienie, po czym zdecydowali si\u0119 odej\u015b\u0107. Chwil\u0119 p\u00f3\u017aniej zobaczyli, jak oderwa\u0142 si\u0119 fragment g\u00f3ry. \u2013 To wygl\u0105da\u0142o jak kamienna lawina. Ca\u0142a grupa ludzi pod wodospadem znikn\u0119\u0142a w chmurze py\u0142u \u2013 relacjonowa\u0142.<\/p>\n<p><img decoding=\"async\" loading=\"lazy\" class=\"aligncenter size-custom-full-size wp-image-215458\" src=\"https:\/\/bejsment.com\/wp-content\/uploads\/2025\/06\/aaakcja-636x424.jpg\" alt=\"\" width=\"636\" height=\"424\" \/><\/p>\n<p>Na miejscu przez kilka godzin pracowa\u0142y \u015bmig\u0142owce ratunkowe, a teren wok\u00f3\u0142 jeziora zosta\u0142 zamkni\u0119ty dla publiczno\u015bci i medi\u00f3w. Na miejscu zaparkowano liczne karetki pogotowia.<\/p>\n<p>Premier Alberty Danielle Smith oraz federalna minister ds. zarz\u0105dzania kryzysowego Eleanor Olszewski z\u0142o\u017cy\u0142y wyrazy wsp\u00f3\u0142czucia bliskim ofiar i podzi\u0119kowania dla ratownik\u00f3w.<\/p>\n<p style=\"text-align: right\"><em>Na post. Canadian Press<\/em><\/p>\n","protected":false},"excerpt":{"rendered":"<p>Jedna osoba zgin\u0119\u0142a, a trzy zosta\u0142y ranne w wyniku osuwiska skalnego w pobli\u017cu wodospadu Bow Glacier Falls w Parku Narodowym Banff. Do tragedii dosz\u0142o w&hellip;<\/p>\n","protected":false},"author":3,"featured_media":2106,"comment_status":"open","ping_status":"open","sticky":false,"template":"","format":"standard","meta":{"footnotes":""},"categories":[12,18],"tags":[],"class_list":["post-2105","post","type-post","status-publish","format-standard","has-post-thumbnail","hentry","category-kanada","category-top-news"],"_links":{"self":[{"href":"https:\/\/radiopoloniawinnipeg.com\/index.php\/wp-json\/wp\/v2\/posts\/2105","targetHints":{"allow":["GET"]}}],"collection":[{"href":"https:\/\/radiopoloniawinnipeg.com\/index.php\/wp-json\/wp\/v2\/posts"}],"about":[{"href":"https:\/\/radiopoloniawinnipeg.com\/index.php\/wp-json\/wp\/v2\/types\/post"}],"author":[{"embeddable":true,"href":"https:\/\/radiopoloniawinnipeg.com\/index.php\/wp-json\/wp\/v2\/users\/3"}],"replies":[{"embeddable":true,"href":"https:\/\/radiopoloniawinnipeg.com\/index.php\/wp-json\/wp\/v2\/comments?post=2105"}],"version-history":[{"count":0,"href":"https:\/\/radiopoloniawinnipeg.com\/index.php\/wp-json\/wp\/v2\/posts\/2105\/revisions"}],"wp:featuredmedia":[{"embeddable":true,"href":"https:\/\/radiopoloniawinnipeg.com\/index.php\/wp-json\/wp\/v2\/media\/2106"}],"wp:attachment":[{"href":"https:\/\/radiopoloniawinnipeg.com\/index.php\/wp-json\/wp\/v2\/media?parent=2105"}],"wp:term":[{"taxonomy":"category","embeddable":true,"href":"https:\/\/radiopoloniawinnipeg.com\/index.php\/wp-json\/wp\/v2\/categories?post=2105"},{"taxonomy":"post_tag","embeddable":true,"href":"https:\/\/radiopoloniawinnipeg.com\/index.php\/wp-json\/wp\/v2\/tags?post=2105"}],"curies":[{"name":"wp","href":"https:\/\/api.w.org\/{rel}","templated":true}]}}