{"id":2127,"date":"2025-06-21T15:15:04","date_gmt":"2025-06-21T19:15:04","guid":{"rendered":"https:\/\/radiopoloniawinnipeg.com\/index.php\/2025\/06\/21\/niepelnosprawni-z-nowym-zasilkiem-200-dolarow-miesiecznie\/"},"modified":"2025-06-21T15:15:04","modified_gmt":"2025-06-21T19:15:04","slug":"niepelnosprawni-z-nowym-zasilkiem-200-dolarow-miesiecznie","status":"publish","type":"post","link":"https:\/\/radiopoloniawinnipeg.com\/index.php\/2025\/06\/21\/niepelnosprawni-z-nowym-zasilkiem-200-dolarow-miesiecznie\/","title":{"rendered":"Niepe\u0142nosprawni z nowym zasi\u0142kiem. 200 dolar\u00f3w miesi\u0119cznie"},"content":{"rendered":"<div id=\"attachment_215561\" style=\"width: 646px\" class=\"wp-caption aligncenter\"><img decoding=\"async\" loading=\"lazy\" aria-describedby=\"caption-attachment-215561\" class=\"size-custom-full-size wp-image-215561\" src=\"https:\/\/bejsment.com\/wp-content\/uploads\/2025\/06\/aahajdu-636x358.jpg\" alt=\"\" width=\"636\" height=\"358\" \/><\/p>\n<p id=\"caption-attachment-215561\" class=\"wp-caption-text\">Minister ds. zatrudnienia Patty Hajdu<\/p>\n<\/div>\n<p><strong>Kanadyjczycy z niepe\u0142nosprawno\u015bciami mog\u0105 ju\u017c ubiega\u0107 si\u0119 o nowy federalny zasi\u0142ek w wysoko\u015bci do 200 dolar\u00f3w miesi\u0119cznie. Program jest skierowany do os\u00f3b w wieku od 18 do 64 lat, kt\u00f3re uzyska\u0142y prawo do ulgi podatkowej dla os\u00f3b niepe\u0142nosprawnych. Pierwsze wyp\u0142aty maj\u0105 ruszy\u0107 w lipcu.<\/strong><\/p>\n<p>Nowe \u015bwiadczenie ma na celu uzupe\u0142nienie wsparcia oferowanego przez programy prowincyjne i terytorialne. Jak podkre\u015bli\u0142a minister ds. zatrudnienia Patty Hajdu, wszystkie prowincje i terytoria \u2013 poza Albert\u0105 \u2013 zobowi\u0105za\u0142y si\u0119, \u017ce nie b\u0119d\u0105 potr\u0105ca\u0107 wyp\u0142at z innych \u017ar\u00f3de\u0142.<\/p>\n<p>Program stanowi realizacj\u0119 jednej z obietnic wyborczych rz\u0105du Justina Trudeau, kt\u00f3ry deklarowa\u0142 walk\u0119 z ub\u00f3stwem w\u015br\u00f3d os\u00f3b niepe\u0142nosprawnych. Mimo to nie brakuje g\u0142os\u00f3w krytycznych.<\/p>\n<p>Obro\u0144cy praw os\u00f3b niepe\u0142nosprawnych zwracaj\u0105 uwag\u0119, \u017ce kwota zasi\u0142ku jest zbyt niska, by realnie zmniejszy\u0107 skal\u0119 ub\u00f3stwa. Hajdu przyzna\u0142a, \u017ce \u015bwiadczenie nie mia\u0142o by\u0107 podstawowym \u017ar\u00f3d\u0142em utrzymania, ale ma wspiera\u0107 niezale\u017cno\u015b\u0107 os\u00f3b z niepe\u0142nosprawno\u015bciami.<\/p>\n<p>\u2013 Nie s\u0105dz\u0119, \u017ce ten zasi\u0142ek wystarczy, by si\u0119 z niego utrzyma\u0107, i nie taki by\u0142 jego cel \u2013 powiedzia\u0142a w wywiadzie. \u2013 To pieni\u0105dze, kt\u00f3re daj\u0105 wi\u0119ksz\u0105 autonomi\u0119, bo nie s\u0105 przypisane do konkretnego celu. Mo\u017cna je wykorzysta\u0107 wedle w\u0142asnych potrzeb, jako uzupe\u0142nienie innych dochod\u00f3w.<\/p>\n<p>W ramach programu rz\u0105d przeznaczy\u0142 r\u00f3wnie\u017c \u015brodki dla organizacji spo\u0142ecznych, kt\u00f3re pomagaj\u0105 osobom potrzebuj\u0105cym wsparcia w z\u0142o\u017ceniu wniosku o ulg\u0119 podatkow\u0105 lub samo \u015bwiadczenie.<\/p>\n<p style=\"text-align: right\"><em>Na podst. Canadian Press<\/em><\/p>\n","protected":false},"excerpt":{"rendered":"<p>Minister ds. zatrudnienia Patty Hajdu Kanadyjczycy z niepe\u0142nosprawno\u015bciami mog\u0105 ju\u017c ubiega\u0107 si\u0119 o nowy federalny zasi\u0142ek w wysoko\u015bci do 200 dolar\u00f3w miesi\u0119cznie. Program jest skierowany&hellip;<\/p>\n","protected":false},"author":3,"featured_media":2128,"comment_status":"open","ping_status":"open","sticky":false,"template":"","format":"standard","meta":{"footnotes":""},"categories":[12,18],"tags":[],"class_list":["post-2127","post","type-post","status-publish","format-standard","has-post-thumbnail","hentry","category-kanada","category-top-news"],"_links":{"self":[{"href":"https:\/\/radiopoloniawinnipeg.com\/index.php\/wp-json\/wp\/v2\/posts\/2127","targetHints":{"allow":["GET"]}}],"collection":[{"href":"https:\/\/radiopoloniawinnipeg.com\/index.php\/wp-json\/wp\/v2\/posts"}],"about":[{"href":"https:\/\/radiopoloniawinnipeg.com\/index.php\/wp-json\/wp\/v2\/types\/post"}],"author":[{"embeddable":true,"href":"https:\/\/radiopoloniawinnipeg.com\/index.php\/wp-json\/wp\/v2\/users\/3"}],"replies":[{"embeddable":true,"href":"https:\/\/radiopoloniawinnipeg.com\/index.php\/wp-json\/wp\/v2\/comments?post=2127"}],"version-history":[{"count":0,"href":"https:\/\/radiopoloniawinnipeg.com\/index.php\/wp-json\/wp\/v2\/posts\/2127\/revisions"}],"wp:featuredmedia":[{"embeddable":true,"href":"https:\/\/radiopoloniawinnipeg.com\/index.php\/wp-json\/wp\/v2\/media\/2128"}],"wp:attachment":[{"href":"https:\/\/radiopoloniawinnipeg.com\/index.php\/wp-json\/wp\/v2\/media?parent=2127"}],"wp:term":[{"taxonomy":"category","embeddable":true,"href":"https:\/\/radiopoloniawinnipeg.com\/index.php\/wp-json\/wp\/v2\/categories?post=2127"},{"taxonomy":"post_tag","embeddable":true,"href":"https:\/\/radiopoloniawinnipeg.com\/index.php\/wp-json\/wp\/v2\/tags?post=2127"}],"curies":[{"name":"wp","href":"https:\/\/api.w.org\/{rel}","templated":true}]}}