{"id":2133,"date":"2025-06-21T18:15:04","date_gmt":"2025-06-21T22:15:04","guid":{"rendered":"https:\/\/radiopoloniawinnipeg.com\/index.php\/2025\/06\/21\/dziecko-odebrane-rodzicom-zmarlo-w-opiece-zastepczej\/"},"modified":"2025-06-21T18:15:04","modified_gmt":"2025-06-21T22:15:04","slug":"dziecko-odebrane-rodzicom-zmarlo-w-opiece-zastepczej","status":"publish","type":"post","link":"https:\/\/radiopoloniawinnipeg.com\/index.php\/2025\/06\/21\/dziecko-odebrane-rodzicom-zmarlo-w-opiece-zastepczej\/","title":{"rendered":"Dziecko odebrane rodzicom zmar\u0142o w opiece zast\u0119pczej"},"content":{"rendered":"<p><img decoding=\"async\" loading=\"lazy\" class=\"aligncenter size-custom-full-size wp-image-215582\" src=\"https:\/\/bejsment.com\/wp-content\/uploads\/2025\/06\/aadziecko-636x358.jpg\" alt=\"\" width=\"636\" height=\"358\" \/><\/p>\n<p><strong>Czteromiesi\u0119czny Oskar zmar\u0142 zaledwie cztery dni po tym, jak zosta\u0142 odebrany rodzinie i trafi\u0142 do rodziny zast\u0119pczej. Towarzysz\u0105ca dramatowi cisza instytucji, niejasne decyzje i ogromna rozpacz najbli\u017cszych sprawiaj\u0105, \u017ce warszawska sprawa budzi coraz wi\u0119cej pyta\u0144. A odpowiedzi wci\u0105\u017c brak.<\/strong><\/p>\n<h3><strong>Mandaty, interwencja i rozdzielone dzieci<\/strong><\/h3>\n<p>15 maja do mieszkania w Warszawie zapuka\u0142a policja. 22-letnia Magdalena, matka Oskara i trzyletniej Leny, zosta\u0142a zatrzymana w zwi\u0105zku z niezap\u0142aconymi mandatami. Trafi\u0142a do wi\u0119zienia na cztery miesi\u0105ce. W tym samym czasie opieka spo\u0142eczna, wsp\u00f3lnie z policj\u0105, zdecydowa\u0142a o odebraniu dzieci i umieszczeniu ich w r\u00f3\u017cnych rodzinach zast\u0119pczych.<\/p>\n<p>\u2013 Nikt nie powiedzia\u0142 nam, dok\u0105d trafiaj\u0105 dzieci. Po prostu zabrali je i tyle \u2013 m\u00f3wi pani Monika, babcia dzieci. \u2013 Nie by\u0142o \u017cadnej decyzji s\u0105du, \u017cadnych dokument\u00f3w.<\/p>\n<p>71-letnia pani Halina, prababcia, kt\u00f3ra na co dzie\u0144 opiekowa\u0142a si\u0119 wnukami, by\u0142a w szoku. \u2013 Powiedzieli mi, \u017ce jestem za stara. Ale przecie\u017c c\u00f3rka mia\u0142a zaraz wr\u00f3ci\u0107 z pracy. Dzieci nie by\u0142y same, nie by\u0142y zaniedbane \u2013 t\u0142umaczy.<\/p>\n<p>Ojciec dzieci, pan Jakub, pracuje na budowach w ca\u0142ej Polsce. M\u00f3wi, \u017ce mia\u0142 zaledwie dwie godziny, by wr\u00f3ci\u0107 do domu \u2013 czasu by\u0142o zbyt ma\u0142o.<\/p>\n<h3><strong>Rodzina nie zd\u0105\u017cy\u0142a zareagowa\u0107. Oskar nie \u017cyje<\/strong><\/h3>\n<p>Cztery dni po odebraniu dzieci \u2013 rodzina dowiedzia\u0142a si\u0119, \u017ce Oskar zmar\u0142 w rodzinie zast\u0119pczej. O tym, \u017ce chodzi\u0142o w\u0142a\u015bnie o ich wnuka, dowiedzieli si\u0119 z\u2026 radia.<\/p>\n<p>\u2013 Us\u0142ysza\u0142y\u015bmy, \u017ce zmar\u0142o dziecko na Saskiej K\u0119pie, mia\u0142o cztery miesi\u0105ce. Wtedy jeszcze nie wiedzia\u0142y\u015bmy, \u017ce to Oskar \u2013 m\u00f3wi zrozpaczona pani Karolina, znajoma rodziny.<\/p>\n<p>Do dzi\u015b nie wiadomo, co dok\u0142adnie si\u0119 wydarzy\u0142o. \u2013 S\u0142ysza\u0142am, \u017ce dziecko si\u0119 zach\u0142ysn\u0119\u0142o. M\u00f3wiono o mleku, potem o kawa\u0142ku buraka \u2013 opowiada pani Monika. \u2013 Ale nie mam \u017cadnego wgl\u0105du w akta. Prokuratura m\u00f3wi, \u017ce dost\u0119p b\u0119dzie mo\u017cliwy dopiero po zako\u0144czeniu \u015bledztwa. Boj\u0119 si\u0119, \u017ce b\u0119dzie za p\u00f3\u017ano, by cokolwiek zrobi\u0107.<\/p>\n<h3><strong>\u015aledztwo trwa. Sekcja nie da\u0142a jasnej odpowiedzi<\/strong><\/h3>\n<p>Prokuratura Okr\u0119gowa Warszawa-Praga wszcz\u0119\u0142a \u015bledztwo w sprawie nieumy\u015blnego spowodowania \u015bmierci. Przeprowadzona sekcja zw\u0142ok nie wykaza\u0142a obra\u017ce\u0144 mechanicznych ani tre\u015bci pokarmowej w drogach oddechowych. Wst\u0119pnie wskazano niewydolno\u015b\u0107 kr\u0105\u017ceniowo-oddechow\u0105 lub pokarmow\u0105, ale przyczyna zgonu nadal nie zosta\u0142a ostatecznie ustalona.<\/p>\n<p>\u2013 Sprawa toczy si\u0119 in rem, nikomu nie postawiono zarzut\u00f3w \u2013 przekaza\u0142 prok. Remigiusz Krynke.<\/p>\n<h3><strong>Policja i instytucje milcz\u0105. Babcia walczy o powr\u00f3t Leny<\/strong><\/h3>\n<p>Warszawskie Centrum Pomocy Rodzinie odcina si\u0119 od odpowiedzialno\u015bci. Twierdzi, \u017ce decyzj\u0119 o zabezpieczeniu dzieci poza rodzin\u0105 podj\u0119\u0142a policja. Ta z kolei pocz\u0105tkowo odmawia\u0142a komentarza. Dopiero p\u00f3\u017aniej wystosowa\u0142a o\u015bwiadczenie, w kt\u00f3rym zapewnia, \u017ce dzia\u0142ania funkcjonariuszek by\u0142y zgodne z przepisami i podj\u0119te w trosce o dobro dzieci.<\/p>\n<p>Rodzina nie czuje si\u0119 jednak wys\u0142uchana. \u2013 Nikt nie pr\u00f3bowa\u0142 nas pozna\u0107, sprawdzi\u0107. Nikt nie zapyta\u0142, czy damy rad\u0119. Po prostu zabrano dzieci. Jakby\u015bmy byli jak\u0105\u015b patologi\u0105 \u2013 m\u00f3wi pani Halina.<\/p>\n<p>Pani Monika, babcia, stara si\u0119 s\u0105downie odzyska\u0107 Len\u0119. Dziewczynka nadal przebywa w rodzinie zast\u0119pczej. \u2013 Ka\u017cdy dzie\u0144 roz\u0142\u0105ki to dla niej trauma. A my? Stracili\u015bmy ju\u017c jedno dziecko. Nie prze\u017cyjemy kolejnego telefonu \u2013 m\u00f3wi przez \u0142zy.<\/p>\n<p style=\"text-align: right\"><em>Na podst. Polsat News<\/em><\/p>\n","protected":false},"excerpt":{"rendered":"<p>Czteromiesi\u0119czny Oskar zmar\u0142 zaledwie cztery dni po tym, jak zosta\u0142 odebrany rodzinie i trafi\u0142 do rodziny zast\u0119pczej. Towarzysz\u0105ca dramatowi cisza instytucji, niejasne decyzje i ogromna&hellip;<\/p>\n","protected":false},"author":3,"featured_media":2134,"comment_status":"open","ping_status":"open","sticky":false,"template":"","format":"standard","meta":{"footnotes":""},"categories":[14,18],"tags":[],"class_list":["post-2133","post","type-post","status-publish","format-standard","has-post-thumbnail","hentry","category-polska","category-top-news"],"_links":{"self":[{"href":"https:\/\/radiopoloniawinnipeg.com\/index.php\/wp-json\/wp\/v2\/posts\/2133","targetHints":{"allow":["GET"]}}],"collection":[{"href":"https:\/\/radiopoloniawinnipeg.com\/index.php\/wp-json\/wp\/v2\/posts"}],"about":[{"href":"https:\/\/radiopoloniawinnipeg.com\/index.php\/wp-json\/wp\/v2\/types\/post"}],"author":[{"embeddable":true,"href":"https:\/\/radiopoloniawinnipeg.com\/index.php\/wp-json\/wp\/v2\/users\/3"}],"replies":[{"embeddable":true,"href":"https:\/\/radiopoloniawinnipeg.com\/index.php\/wp-json\/wp\/v2\/comments?post=2133"}],"version-history":[{"count":0,"href":"https:\/\/radiopoloniawinnipeg.com\/index.php\/wp-json\/wp\/v2\/posts\/2133\/revisions"}],"wp:featuredmedia":[{"embeddable":true,"href":"https:\/\/radiopoloniawinnipeg.com\/index.php\/wp-json\/wp\/v2\/media\/2134"}],"wp:attachment":[{"href":"https:\/\/radiopoloniawinnipeg.com\/index.php\/wp-json\/wp\/v2\/media?parent=2133"}],"wp:term":[{"taxonomy":"category","embeddable":true,"href":"https:\/\/radiopoloniawinnipeg.com\/index.php\/wp-json\/wp\/v2\/categories?post=2133"},{"taxonomy":"post_tag","embeddable":true,"href":"https:\/\/radiopoloniawinnipeg.com\/index.php\/wp-json\/wp\/v2\/tags?post=2133"}],"curies":[{"name":"wp","href":"https:\/\/api.w.org\/{rel}","templated":true}]}}