{"id":2141,"date":"2025-06-22T09:15:04","date_gmt":"2025-06-22T13:15:04","guid":{"rendered":"https:\/\/radiopoloniawinnipeg.com\/index.php\/2025\/06\/22\/zmarla-pierwsza-w-polsce-kobieta-kapitan-zeglugi-wielkiej\/"},"modified":"2025-06-22T09:15:04","modified_gmt":"2025-06-22T13:15:04","slug":"zmarla-pierwsza-w-polsce-kobieta-kapitan-zeglugi-wielkiej","status":"publish","type":"post","link":"https:\/\/radiopoloniawinnipeg.com\/index.php\/2025\/06\/22\/zmarla-pierwsza-w-polsce-kobieta-kapitan-zeglugi-wielkiej\/","title":{"rendered":"Zmar\u0142a pierwsza w Polsce kobieta, kapitan \u017ceglugi wielkiej"},"content":{"rendered":"<p><img loading=\"lazy\" decoding=\"async\" class=\"aligncenter size-custom-full-size wp-image-215677\" src=\"https:\/\/bejsment.com\/wp-content\/uploads\/2025\/06\/aakapitan-636x486.jpg\" alt=\"\" width=\"636\" height=\"486\" \/><\/p>\n<p><strong>Zmar\u0142a Danuta Kobyli\u0144ska-Walas \u2013 pionierka polskiej marynarki handlowej, pierwsza kobieta w kraju, kt\u00f3ra obj\u0119\u0142a funkcj\u0119 kapitana \u017ceglugi wielkiej. Przez 40 lat s\u0142u\u017cby morskiej p\u0142ywa\u0142a na wielu jednostkach, dowodz\u0105c za\u0142ogami z pe\u0142nym profesjonalizmem i sercem. Mia\u0142a 92 lata.<\/strong><\/p>\n<p>\u2013 Stwierdzi\u0142am, \u017ce podejm\u0119 ka\u017cd\u0105, nawet najtrudniejsz\u0105 prac\u0119, byle na statku \u2013 wspomina\u0142a w jednym z wywiad\u00f3w. Przez lata torowa\u0142a drog\u0119 innym kobietom do pracy na morzu, nie trac\u0105c pogody ducha nawet w najtrudniejszych chwilach.<\/p>\n<h3><strong>Od pok\u0142ad\u00f3w do mostka kapita\u0144skiego<\/strong><\/h3>\n<p>Urodzi\u0142a si\u0119 27 listopada 1931 roku w Kozietu\u0142ach. Po wojnie wraz z rodzin\u0105 przenios\u0142a si\u0119 do Kamienia Pomorskiego, a nast\u0119pnie do Szczecina, gdzie uko\u0144czy\u0142a Pa\u0144stwow\u0105 Szko\u0142\u0119 Morsk\u0105 (1949\u20131951). By\u0142a jedn\u0105 z pierwszych kobiet, kt\u00f3re uko\u0144czy\u0142y t\u0119 uczelni\u0119.<\/p>\n<p>Cho\u0107 pocz\u0105tkowo nie mog\u0142a p\u0142ywa\u0107 z powodu braku odpowiednich przepis\u00f3w, nie porzuci\u0142a marze\u0144. Pracowa\u0142a w Kapitanacie Portu Szczecin, Centralnym Urz\u0119dzie Marynarki Handlowej i stoczniach, wykonuj\u0105c fizyczne prace na statkach, byle tylko by\u0107 bli\u017cej morza.<\/p>\n<p>\u2013 My\u0142am pok\u0142ady, skroba\u0142am burty \u2013 wszystko za mo\u017cliwo\u015b\u0107 spania w kajucie \u2013 m\u00f3wi\u0142a z u\u015bmiechem.<\/p>\n<p>W 1956 roku po raz pierwszy zamustrowa\u0142a si\u0119 na statek jako asystent pok\u0142adowy. Kolejne lata przynios\u0142y awanse: by\u0142a III oficerem, II oficerem, a w 1961 r. \u2013 I oficerem.<\/p>\n<p>16 lutego 1962 roku zosta\u0142a pierwsz\u0105 kobiet\u0105 w Polsce, kt\u00f3ra obj\u0119\u0142a funkcj\u0119 kapitana \u017ceglugi wielkiej. Dowodzi\u0142a m.in. statkami MS Bieszczady, MS Ko\u0142obrzeg II, MS Toru\u0144, MS Budowlany czy MS Uniwersytet Toru\u0144ski.<\/p>\n<h3><strong>Kapitan z sercem i charakterem<\/strong><\/h3>\n<p>W grudniu 1970 roku, podczas robotniczych protest\u00f3w w Stoczni Szczeci\u0144skiej, jednostka MS Bieszczady, kt\u00f3r\u0105 dowodzi\u0142a, wspar\u0142a strajkuj\u0105cych. Dwa lata p\u00f3\u017aniej, w 1972 roku, uratowa\u0142a przed zatoni\u0119ciem statek MS Kopalnia Miechowice z za\u0142og\u0105 i \u0142adunkiem.<\/p>\n<p>W latach 1981\u20131986 by\u0142a przedstawicielk\u0105 Biura Radcy Handlowego przy ambasadzie PRL w Tunisie. Po powrocie zosta\u0142a matk\u0105 chrzestn\u0105 statku Nimfa II nale\u017c\u0105cego do Polskiej \u017beglugi Morskiej.<\/p>\n<p>Za swoj\u0105 s\u0142u\u017cb\u0119 zosta\u0142a wielokrotnie uhonorowana. W 1966 roku wybrano j\u0105 Szczeciniank\u0105 Roku. Otrzyma\u0142a m.in. Z\u0142ot\u0105 Odznak\u0119 \u201eZas\u0142u\u017cony Pracownik Morza\u201d, Z\u0142ot\u0105 Odznak\u0119 Honorow\u0105 Gryfa Pomorskiego oraz Krzy\u017c Kawalerski Orderu Odrodzenia Polski.<\/p>\n<h3><strong>\u201ePierwsza po Bogu\u201d<\/strong><\/h3>\n<p>Danuta Kobyli\u0144ska-Walas by\u0142a nazywana \u201ePierwsz\u0105 po Bogu\u201d \u2013 tytu\u0142 ten nosi r\u00f3wnie\u017c ksi\u0105\u017cka autorstwa Eugeniusza Daszkowskiego, po\u015bwi\u0119cona jej biografii. Jej imi\u0119 nosi szko\u0142a podstawowa w rodzinnych Kozietu\u0142ach, a pami\u0105tkowa tablica znajduje si\u0119 na Skwerze Kapitan\u00f3w w Szczecinie.<\/p>\n<p>\u2013 Przez 17 lat by\u0142am kapitanem, co wi\u0105za\u0142o si\u0119 z ogromn\u0105 odpowiedzialno\u015bci\u0105. Ale nigdy nie traci\u0142am pogody ducha \u2013 wspomina\u0142a. Zostawi\u0142a po sobie nie tylko histori\u0119 wyj\u0105tkowej kariery, ale te\u017c dziedzictwo odwagi, wytrwa\u0142o\u015bci i mi\u0142o\u015bci do morza.<\/p>\n<p style=\"text-align: right\"><em>Na podst. Trwam<\/em><\/p>\n<p>This page imported from <a href=\"https:\/\/bejsment.com\/?p=215675\">Bejsment<\/a><\/p>\n","protected":false},"excerpt":{"rendered":"<p>Zmar\u0142a Danuta Kobyli\u0144ska-Walas \u2013 pionierka polskiej marynarki handlowej, pierwsza kobieta w kraju, kt\u00f3ra obj\u0119\u0142a funkcj\u0119 kapitana \u017ceglugi wielkiej. Przez 40 lat s\u0142u\u017cby morskiej p\u0142ywa\u0142a na&hellip;<\/p>\n","protected":false},"author":3,"featured_media":2142,"comment_status":"open","ping_status":"open","sticky":false,"template":"","format":"standard","meta":{"footnotes":""},"categories":[14,18],"tags":[],"class_list":["post-2141","post","type-post","status-publish","format-standard","has-post-thumbnail","hentry","category-polska","category-top-news"],"_links":{"self":[{"href":"https:\/\/radiopoloniawinnipeg.com\/index.php\/wp-json\/wp\/v2\/posts\/2141","targetHints":{"allow":["GET"]}}],"collection":[{"href":"https:\/\/radiopoloniawinnipeg.com\/index.php\/wp-json\/wp\/v2\/posts"}],"about":[{"href":"https:\/\/radiopoloniawinnipeg.com\/index.php\/wp-json\/wp\/v2\/types\/post"}],"author":[{"embeddable":true,"href":"https:\/\/radiopoloniawinnipeg.com\/index.php\/wp-json\/wp\/v2\/users\/3"}],"replies":[{"embeddable":true,"href":"https:\/\/radiopoloniawinnipeg.com\/index.php\/wp-json\/wp\/v2\/comments?post=2141"}],"version-history":[{"count":0,"href":"https:\/\/radiopoloniawinnipeg.com\/index.php\/wp-json\/wp\/v2\/posts\/2141\/revisions"}],"wp:featuredmedia":[{"embeddable":true,"href":"https:\/\/radiopoloniawinnipeg.com\/index.php\/wp-json\/wp\/v2\/media\/2142"}],"wp:attachment":[{"href":"https:\/\/radiopoloniawinnipeg.com\/index.php\/wp-json\/wp\/v2\/media?parent=2141"}],"wp:term":[{"taxonomy":"category","embeddable":true,"href":"https:\/\/radiopoloniawinnipeg.com\/index.php\/wp-json\/wp\/v2\/categories?post=2141"},{"taxonomy":"post_tag","embeddable":true,"href":"https:\/\/radiopoloniawinnipeg.com\/index.php\/wp-json\/wp\/v2\/tags?post=2141"}],"curies":[{"name":"wp","href":"https:\/\/api.w.org\/{rel}","templated":true}]}}