{"id":2143,"date":"2025-06-22T10:30:06","date_gmt":"2025-06-22T14:30:06","guid":{"rendered":"https:\/\/radiopoloniawinnipeg.com\/index.php\/2025\/06\/22\/duda-trzymajcie-sie-z-daleka-od-kart-wyborczych\/"},"modified":"2025-06-22T10:30:06","modified_gmt":"2025-06-22T14:30:06","slug":"duda-trzymajcie-sie-z-daleka-od-kart-wyborczych","status":"publish","type":"post","link":"https:\/\/radiopoloniawinnipeg.com\/index.php\/2025\/06\/22\/duda-trzymajcie-sie-z-daleka-od-kart-wyborczych\/","title":{"rendered":"Duda: Trzymajcie si\u0119 z daleka od kart wyborczych"},"content":{"rendered":"<p><img decoding=\"async\" loading=\"lazy\" class=\"aligncenter size-custom-full-size wp-image-215666\" src=\"https:\/\/bejsment.com\/wp-content\/uploads\/2025\/06\/aadudatusk-636x358.jpg\" alt=\"\" width=\"636\" height=\"358\" \/><\/p>\n<p><strong>Andrzej Duda ostro zareagowa\u0142 na wpis premiera Donalda Tuska, dotycz\u0105cy kontrowersji wok\u00f3\u0142 wynik\u00f3w wybor\u00f3w prezydenckich. W sobot\u0119, na swoim oficjalnym profilu w mediach spo\u0142eczno\u015bciowych, zaapelowa\u0142 do szefa rz\u0105du, by \u201etrzyma\u0142 si\u0119 z daleka od kart do g\u0142osowania\u201d i zarzuci\u0142 mu brak szacunku dla zasad demokracji.<\/strong><\/p>\n<p>\u2013 Nie mam cienia w\u0105tpliwo\u015bci, \u017ce nie wolno dopu\u015bci\u0107 do tego, by\u015bcie mogli cho\u0107by dotkn\u0105\u0107 oddanych przez obywateli g\u0142os\u00f3w. To sprawa S\u0105du Najwy\u017cszego i PKW \u2013 napisa\u0142 prezydent. \u2013 Trzeba umie\u0107 przegrywa\u0107 z godno\u015bci\u0105 i szanowa\u0107 regu\u0142y demokracji.<\/p>\n<h3><strong>\u201eTo zwyk\u0142e tupanie n\u00f3\u017ck\u0105\u201d<\/strong><\/h3>\n<p>Duda odni\u00f3s\u0142 si\u0119 r\u00f3wnie\u017c bezpo\u015brednio do s\u0142\u00f3w Tuska, kt\u00f3ry w ostatnich dniach wezwa\u0142 do ponownego przeliczenia g\u0142os\u00f3w w przypadkach budz\u0105cych w\u0105tpliwo\u015bci. \u2013 Nie jeste\u015bcie ciekawi prawdziwych wynik\u00f3w g\u0142osowania? A przecie\u017c uczciwi nie maj\u0105 si\u0119 czego ba\u0107 \u2013 pyta\u0142 premier we wcze\u015bniejszym wpisie.<\/p>\n<p>Prezydent uzna\u0142 te sugestie za przejaw niezadowolenia z pora\u017cki. \u2013 Nie potraficie si\u0119 pogodzi\u0107 z przegran\u0105. To, co robicie, to zwyk\u0142e tupanie n\u00f3\u017ck\u0105 \u2013 oceni\u0142. Przypomnia\u0142, \u017ce wszystkie komisje wyborcze by\u0142y obsadzone przez ludzi koalicji rz\u0105dz\u0105cej, a cz\u0142onkowie PKW r\u00f3wnie\u017c zostali wybrani przez obecn\u0105 wi\u0119kszo\u015b\u0107.<\/p>\n<p>\u2013 Wasi ludzie liczyli g\u0142osy. Firmy przychylne waszemu kandydatowi robi\u0142y sonda\u017ce. I co? Wszyscy si\u0119 pomylili? Wszyscy k\u0142amali? \u2013 ironizowa\u0142 Duda.<\/p>\n<h3><strong>\u201eZnam wyniki. Tak samo jak \u015bwiat\u201d<\/strong><\/h3>\n<p>Prezydent zaznaczy\u0142, \u017ce wynik wybor\u00f3w zosta\u0142 oficjalnie og\u0142oszony przez Pa\u0144stwow\u0105 Komisj\u0119 Wyborcz\u0105 i uznany przez S\u0105d Najwy\u017cszy. \u2013 Znam te wyniki, tak samo jak wszyscy Polacy i politycy z ca\u0142ego \u015bwiata, kt\u00f3rzy z\u0142o\u017cyli gratulacje prezydentowi elektowi Karolowi Nawrockiemu \u2013 podkre\u015bli\u0142.<\/p>\n<p>Odnosz\u0105c si\u0119 do dzia\u0142a\u0144 premiera, prezydent stwierdzi\u0142: \u2013 Niech Pan z kolegami zaprzestanie prowokacji, k\u0142amstwa i nacisk\u00f3w. To nie s\u0142u\u017cy Polsce ani poczuciu bezpiecze\u0144stwa naszych rodak\u00f3w.<\/p>\n<blockquote class=\"twitter-tweet\" data-width=\"550\" data-dnt=\"true\">\n<p lang=\"pl\" dir=\"ltr\">Pan Donald Tusk z kolegami nie potrafi\u0105 si\u0119 pogodzi\u0107 z przegran\u0105 w wyborach prezydenckich. <br \/>Szanowni Panowie! Problem nie wyborach, nie w decyzji Wyborc\u00f3w (bo ta jest jednoznaczna &#8211; 370 ty\u015b. g\u0142os\u00f3w przewagi, czyli du\u017ce polskie miasto) ale raczej w Pan\u00f3w mentalno\u015bci. Uwa\u017cacie, \u017ce\u2026 <a href=\"https:\/\/t.co\/DunT9mHZf2\">pic.twitter.com\/DunT9mHZf2<\/a><\/p>\n<p>&mdash; Andrzej Duda (@AndrzejDuda) <a href=\"https:\/\/twitter.com\/AndrzejDuda\/status\/1936389496280391867?ref_src=twsrc%5Etfw\">June 21, 2025<\/a><\/p>\n<\/blockquote>\n<p style=\"text-align: right\"><em>Na podst. X<\/em><\/p>\n","protected":false},"excerpt":{"rendered":"<p>Andrzej Duda ostro zareagowa\u0142 na wpis premiera Donalda Tuska, dotycz\u0105cy kontrowersji wok\u00f3\u0142 wynik\u00f3w wybor\u00f3w prezydenckich. W sobot\u0119, na swoim oficjalnym profilu w mediach spo\u0142eczno\u015bciowych, zaapelowa\u0142&hellip;<\/p>\n","protected":false},"author":3,"featured_media":2144,"comment_status":"open","ping_status":"open","sticky":false,"template":"","format":"standard","meta":{"footnotes":""},"categories":[14,18],"tags":[],"class_list":["post-2143","post","type-post","status-publish","format-standard","has-post-thumbnail","hentry","category-polska","category-top-news"],"_links":{"self":[{"href":"https:\/\/radiopoloniawinnipeg.com\/index.php\/wp-json\/wp\/v2\/posts\/2143","targetHints":{"allow":["GET"]}}],"collection":[{"href":"https:\/\/radiopoloniawinnipeg.com\/index.php\/wp-json\/wp\/v2\/posts"}],"about":[{"href":"https:\/\/radiopoloniawinnipeg.com\/index.php\/wp-json\/wp\/v2\/types\/post"}],"author":[{"embeddable":true,"href":"https:\/\/radiopoloniawinnipeg.com\/index.php\/wp-json\/wp\/v2\/users\/3"}],"replies":[{"embeddable":true,"href":"https:\/\/radiopoloniawinnipeg.com\/index.php\/wp-json\/wp\/v2\/comments?post=2143"}],"version-history":[{"count":0,"href":"https:\/\/radiopoloniawinnipeg.com\/index.php\/wp-json\/wp\/v2\/posts\/2143\/revisions"}],"wp:featuredmedia":[{"embeddable":true,"href":"https:\/\/radiopoloniawinnipeg.com\/index.php\/wp-json\/wp\/v2\/media\/2144"}],"wp:attachment":[{"href":"https:\/\/radiopoloniawinnipeg.com\/index.php\/wp-json\/wp\/v2\/media?parent=2143"}],"wp:term":[{"taxonomy":"category","embeddable":true,"href":"https:\/\/radiopoloniawinnipeg.com\/index.php\/wp-json\/wp\/v2\/categories?post=2143"},{"taxonomy":"post_tag","embeddable":true,"href":"https:\/\/radiopoloniawinnipeg.com\/index.php\/wp-json\/wp\/v2\/tags?post=2143"}],"curies":[{"name":"wp","href":"https:\/\/api.w.org\/{rel}","templated":true}]}}