{"id":2161,"date":"2025-06-23T08:30:05","date_gmt":"2025-06-23T12:30:05","guid":{"rendered":"https:\/\/radiopoloniawinnipeg.com\/index.php\/2025\/06\/23\/sprzeczne-informacje-o-skutkach-ataku-usa\/"},"modified":"2025-06-23T08:30:05","modified_gmt":"2025-06-23T12:30:05","slug":"sprzeczne-informacje-o-skutkach-ataku-usa","status":"publish","type":"post","link":"https:\/\/radiopoloniawinnipeg.com\/index.php\/2025\/06\/23\/sprzeczne-informacje-o-skutkach-ataku-usa\/","title":{"rendered":"Sprzeczne informacje o skutkach ataku USA"},"content":{"rendered":"<div id=\"attachment_215762\" style=\"width: 646px\" class=\"wp-caption aligncenter\"><img decoding=\"async\" loading=\"lazy\" aria-describedby=\"caption-attachment-215762\" class=\"size-custom-full-size wp-image-215762\" src=\"https:\/\/bejsment.com\/wp-content\/uploads\/2025\/06\/aaprezatak-636x354.jpg\" alt=\"\" width=\"636\" height=\"354\" \/><\/p>\n<p id=\"caption-attachment-215762\" class=\"wp-caption-text\">Prezydent Izraela twierdzi, \u017ce atak USA nie zniszczy\u0142 programu nuklearnego Iranu<\/p>\n<\/div>\n<p><strong>Prezydent Izraela Icchak Hercog stwierdzi\u0142, \u017ce program nuklearny Iranu nie zosta\u0142 zniszczony mimo ameryka\u0144skich atak\u00f3w z ko\u0144ca czerwca. W odmiennym tonie wypowiada si\u0119 Pentagon, wed\u0142ug kt\u00f3rego operacja zada\u0142a decyduj\u0105cy cios nuklearnym ambicjom Teheranu.<\/strong><\/p>\n<p>Ameryka\u0144skie bombowce uderzy\u0142y w nocy z 21 na 22 czerwca, atakuj\u0105c strategiczne obiekty w Fordo, Natanz i Isfahanie. Prezydent Donald Trump oraz sekretarz obrony Pete Hegseth poinformowali, \u017ce naloty by\u0142y precyzyjne i zako\u0144czy\u0142y si\u0119 sukcesem.<\/p>\n<h3><strong>Satelitarne \u015blady uderzenia<\/strong><\/h3>\n<p>Brytyjskie centrum analityczne Open Source Centre opublikowa\u0142o zdj\u0119cia satelitarne, na kt\u00f3rych widoczne s\u0105 \u015blady bombardowa\u0144. Na fotografiach Maxar Technologies z rejonu zak\u0142adu w Fordo wida\u0107 dwie du\u017ce wyrwy w ziemi. Analitycy uwa\u017caj\u0105, \u017ce celem by\u0142a g\u0142\u00f3wna hala, znajduj\u0105ca si\u0119 nawet 100 metr\u00f3w pod ziemi\u0105.<\/p>\n<p>Do ataku wykorzystano bomby penetruj\u0105ce GBU-57, zaprojektowane z my\u015bl\u0105 o niszczeniu silnie ufortyfikowanych obiekt\u00f3w podziemnych.<\/p>\n<h3><strong>Ocena zniszcze\u0144: rozbie\u017cne opinie<\/strong><\/h3>\n<p>Szef Mi\u0119dzynarodowej Agencji Energii Atomowej Rafael Grossi poinformowa\u0142 w rozmowie z CNN, \u017ce cho\u0107 wida\u0107 oznaki powa\u017cnych zniszcze\u0144, nie da si\u0119 na razie oceni\u0107 skali uszkodze\u0144 pod powierzchni\u0105 ziemi.<\/p>\n<p>Izrael analizuje skutki operacji, ale \u2013 jak zapowiedzia\u0142 genera\u0142 Efi Defrin \u2013 nie wyklucza kolejnych uderze\u0144. Prezydent Hercog by\u0142 bardziej ostro\u017cny w ocenie skuteczno\u015bci. \u2013 Nie mog\u0119 powiedzie\u0107, \u017ce program nuklearny zosta\u0142 zniszczony, ale z pewno\u015bci\u0105 zosta\u0142 mocno uderzony \u2013 powiedzia\u0142.<\/p>\n<p style=\"text-align: right\"><em>Na podst. Polsat News<\/em><\/p>\n","protected":false},"excerpt":{"rendered":"<p>Prezydent Izraela twierdzi, \u017ce atak USA nie zniszczy\u0142 programu nuklearnego Iranu Prezydent Izraela Icchak Hercog stwierdzi\u0142, \u017ce program nuklearny Iranu nie zosta\u0142 zniszczony mimo ameryka\u0144skich&hellip;<\/p>\n","protected":false},"author":3,"featured_media":2162,"comment_status":"open","ping_status":"open","sticky":false,"template":"","format":"standard","meta":{"footnotes":""},"categories":[15,18],"tags":[],"class_list":["post-2161","post","type-post","status-publish","format-standard","has-post-thumbnail","hentry","category-swiat","category-top-news"],"_links":{"self":[{"href":"https:\/\/radiopoloniawinnipeg.com\/index.php\/wp-json\/wp\/v2\/posts\/2161","targetHints":{"allow":["GET"]}}],"collection":[{"href":"https:\/\/radiopoloniawinnipeg.com\/index.php\/wp-json\/wp\/v2\/posts"}],"about":[{"href":"https:\/\/radiopoloniawinnipeg.com\/index.php\/wp-json\/wp\/v2\/types\/post"}],"author":[{"embeddable":true,"href":"https:\/\/radiopoloniawinnipeg.com\/index.php\/wp-json\/wp\/v2\/users\/3"}],"replies":[{"embeddable":true,"href":"https:\/\/radiopoloniawinnipeg.com\/index.php\/wp-json\/wp\/v2\/comments?post=2161"}],"version-history":[{"count":0,"href":"https:\/\/radiopoloniawinnipeg.com\/index.php\/wp-json\/wp\/v2\/posts\/2161\/revisions"}],"wp:featuredmedia":[{"embeddable":true,"href":"https:\/\/radiopoloniawinnipeg.com\/index.php\/wp-json\/wp\/v2\/media\/2162"}],"wp:attachment":[{"href":"https:\/\/radiopoloniawinnipeg.com\/index.php\/wp-json\/wp\/v2\/media?parent=2161"}],"wp:term":[{"taxonomy":"category","embeddable":true,"href":"https:\/\/radiopoloniawinnipeg.com\/index.php\/wp-json\/wp\/v2\/categories?post=2161"},{"taxonomy":"post_tag","embeddable":true,"href":"https:\/\/radiopoloniawinnipeg.com\/index.php\/wp-json\/wp\/v2\/tags?post=2161"}],"curies":[{"name":"wp","href":"https:\/\/api.w.org\/{rel}","templated":true}]}}