{"id":2163,"date":"2025-06-23T09:15:03","date_gmt":"2025-06-23T13:15:03","guid":{"rendered":"https:\/\/radiopoloniawinnipeg.com\/index.php\/2025\/06\/23\/carney-bliski-wschod-na-krawedzi-potrzebny-dialog\/"},"modified":"2025-06-23T09:15:03","modified_gmt":"2025-06-23T13:15:03","slug":"carney-bliski-wschod-na-krawedzi-potrzebny-dialog","status":"publish","type":"post","link":"https:\/\/radiopoloniawinnipeg.com\/index.php\/2025\/06\/23\/carney-bliski-wschod-na-krawedzi-potrzebny-dialog\/","title":{"rendered":"Carney: Bliski Wsch\u00f3d na kraw\u0119dzi. Potrzebny dialog"},"content":{"rendered":"<p><img decoding=\"async\" loading=\"lazy\" class=\"aligncenter size-custom-full-size wp-image-215723\" src=\"https:\/\/bejsment.com\/wp-content\/uploads\/2025\/06\/aacarney3-1-636x474.jpg\" alt=\"\" width=\"636\" height=\"474\" \/><\/p>\n<p><strong>Premier Mark Carney zaapelowa\u0142 w niedziel\u0119 o natychmiastow\u0105 deeskalacj\u0119 napi\u0119\u0107 na Bliskim Wschodzie po tym, jak Stany Zjednoczone przeprowadzi\u0142y ataki na trzy ira\u0144skie obiekty nuklearne. W swoim porannym wpisie w mediach spo\u0142eczno\u015bciowych Carney podkre\u015bli\u0142, \u017ce cho\u0107 dzia\u0142ania USA mia\u0142y na celu ograniczenie zagro\u017ce\u0144 ze strony Iranu, sytuacja w regionie pozostaje \u201ebardzo niestabilna\u201d.<\/strong><\/p>\n<p>\u2013 Stabilno\u015b\u0107 w regionie jest priorytetem \u2013 napisa\u0142 premier. \u2013 Kanada wzywa do powrotu do rozm\u00f3w i rozwi\u0105zania dyplomatycznego.<\/p>\n<h3><strong>Zniszczenia i odwet<\/strong><\/h3>\n<p>W reakcji na ameryka\u0144ski atak Iran wystrzeli\u0142 rakiety w kierunku Izraela, rani\u0105c co najmniej 23 osoby. Prezydent USA Donald Trump o\u015bwiadczy\u0142, \u017ce ira\u0144skie cele zosta\u0142y \u201eca\u0142kowicie zniszczone\u201d. Minister spraw zagranicznych Iranu Abbas Araghchi ostrzeg\u0142, \u017ce dzia\u0142ania USA \u201eb\u0119d\u0105 mia\u0142y wieczne konsekwencje\u201d.<\/p>\n<p>Premier Carney przypomnia\u0142, \u017ce Kanada sprzeciwia si\u0119 posiadaniu broni j\u0105drowej przez Iran i powo\u0142a\u0142 si\u0119 na o\u015bwiadczenie przyw\u00f3dc\u00f3w G7 z ostatniego szczytu w Albercie, kt\u00f3rzy wezwali do zawieszenia broni w Strefie Gazy i szerszej deeskalacji w regionie.<\/p>\n<h3><strong>Anand: najwa\u017cniejsze jest bezpiecze\u0144stwo Kanadyjczyk\u00f3w<\/strong><\/h3>\n<p>Minister spraw zagranicznych Anita Anand, towarzysz\u0105ca Carneyowi podczas podr\u00f3\u017cy do Europy, potwierdzi\u0142a, \u017ce sytuacja jest \u201ebardzo niestabilna\u201d. W rozmowie z ira\u0144skim ministrem podkre\u015bli\u0142a potrzeb\u0119 ochrony Kanadyjczyk\u00f3w w regionie oraz przypomnia\u0142a o tragedii lotu PS752 zestrzelonego przez Iran w 2020 roku.<\/p>\n<p>Rz\u0105d uruchomi\u0142 dodatkowe wsparcie konsularne na granicach i umo\u017cliwia ewakuacj\u0119 drog\u0105 l\u0105dow\u0105 m.in. przez Turcj\u0119, Armeni\u0119 i Azerbejd\u017can. Global Affairs Canada apeluje do obywateli Kanady o rejestracj\u0119 i zaleca przebywanie w pobli\u017cu schron\u00f3w w rejonach obj\u0119tych konfliktem.<\/p>\n<h3><strong>Poilievre popiera dzia\u0142ania USA i Izraela<\/strong><\/h3>\n<p>Lider konserwatyst\u00f3w Pierre Poilievre popar\u0142 ataki USA i Izraela, twierdz\u0105c, \u017ce powstrzymanie Iranu przed zdobyciem broni j\u0105drowej jest \u201ew 100% uzasadnione\u201d. Wezwa\u0142 r\u00f3wnie\u017c do ochrony spo\u0142eczno\u015bci \u017cydowskiej i perskiej w Kanadzie przed pr\u00f3bami zastraszania ze strony re\u017cimu.<\/p>\n<p>Poilievre zaapelowa\u0142 do narodu ira\u0144skiego o obalenie re\u017cimu i zapewnienie wolno\u015bci obywatelom.<\/p>\n<p><strong>Kanada i Iran: brak relacji, rosn\u0105ce zagro\u017cenia<\/strong><\/p>\n<p>Kanada nie utrzymuje stosunk\u00f3w dyplomatycznych z Iranem od 2012 roku. W ubieg\u0142ym roku uzna\u0142a Korpus Stra\u017cnik\u00f3w Rewolucji Islamskiej za organizacj\u0119 terrorystyczn\u0105. Cho\u0107 Iran nie jest uznawany za istotnego aktora ingeruj\u0105cego w kanadyjsk\u0105 polityk\u0119, wed\u0142ug raportu CSIS mo\u017ce wykorzystywa\u0107 po\u015brednik\u00f3w do represjonowania przeciwnik\u00f3w re\u017cimu za granic\u0105 \u2013 r\u00f3wnie\u017c w Kanadzie.<\/p>\n<p>Wywiad ostrzega, \u017ce dzia\u0142ania Iranu wobec Kanady i jej sojusznik\u00f3w mog\u0105 nasili\u0107 si\u0119 w 2025 roku, zale\u017cnie od sytuacji geopolitycznej.<\/p>\n<p style=\"text-align: right\"><em>Na podst. Canadian Press<\/em><\/p>\n","protected":false},"excerpt":{"rendered":"<p>Premier Mark Carney zaapelowa\u0142 w niedziel\u0119 o natychmiastow\u0105 deeskalacj\u0119 napi\u0119\u0107 na Bliskim Wschodzie po tym, jak Stany Zjednoczone przeprowadzi\u0142y ataki na trzy ira\u0144skie obiekty nuklearne.&hellip;<\/p>\n","protected":false},"author":3,"featured_media":2164,"comment_status":"open","ping_status":"open","sticky":false,"template":"","format":"standard","meta":{"footnotes":""},"categories":[12,18],"tags":[],"class_list":["post-2163","post","type-post","status-publish","format-standard","has-post-thumbnail","hentry","category-kanada","category-top-news"],"_links":{"self":[{"href":"https:\/\/radiopoloniawinnipeg.com\/index.php\/wp-json\/wp\/v2\/posts\/2163","targetHints":{"allow":["GET"]}}],"collection":[{"href":"https:\/\/radiopoloniawinnipeg.com\/index.php\/wp-json\/wp\/v2\/posts"}],"about":[{"href":"https:\/\/radiopoloniawinnipeg.com\/index.php\/wp-json\/wp\/v2\/types\/post"}],"author":[{"embeddable":true,"href":"https:\/\/radiopoloniawinnipeg.com\/index.php\/wp-json\/wp\/v2\/users\/3"}],"replies":[{"embeddable":true,"href":"https:\/\/radiopoloniawinnipeg.com\/index.php\/wp-json\/wp\/v2\/comments?post=2163"}],"version-history":[{"count":0,"href":"https:\/\/radiopoloniawinnipeg.com\/index.php\/wp-json\/wp\/v2\/posts\/2163\/revisions"}],"wp:featuredmedia":[{"embeddable":true,"href":"https:\/\/radiopoloniawinnipeg.com\/index.php\/wp-json\/wp\/v2\/media\/2164"}],"wp:attachment":[{"href":"https:\/\/radiopoloniawinnipeg.com\/index.php\/wp-json\/wp\/v2\/media?parent=2163"}],"wp:term":[{"taxonomy":"category","embeddable":true,"href":"https:\/\/radiopoloniawinnipeg.com\/index.php\/wp-json\/wp\/v2\/categories?post=2163"},{"taxonomy":"post_tag","embeddable":true,"href":"https:\/\/radiopoloniawinnipeg.com\/index.php\/wp-json\/wp\/v2\/tags?post=2163"}],"curies":[{"name":"wp","href":"https:\/\/api.w.org\/{rel}","templated":true}]}}