{"id":2165,"date":"2025-06-23T10:15:06","date_gmt":"2025-06-23T14:15:06","guid":{"rendered":"https:\/\/radiopoloniawinnipeg.com\/index.php\/2025\/06\/23\/joanna-mucha-sklada-dymisje-nie-bede-milczec\/"},"modified":"2025-06-23T10:15:06","modified_gmt":"2025-06-23T14:15:06","slug":"joanna-mucha-sklada-dymisje-nie-bede-milczec","status":"publish","type":"post","link":"https:\/\/radiopoloniawinnipeg.com\/index.php\/2025\/06\/23\/joanna-mucha-sklada-dymisje-nie-bede-milczec\/","title":{"rendered":"Joanna Mucha sk\u0142ada dymisj\u0119: \u201eNie b\u0119d\u0119 milcze\u0107\u201d"},"content":{"rendered":"<p><img decoding=\"async\" loading=\"lazy\" class=\"aligncenter size-custom-full-size wp-image-215746\" src=\"https:\/\/bejsment.com\/wp-content\/uploads\/2025\/06\/aamucha2-636x366.jpg\" alt=\"\" width=\"636\" height=\"366\" \/><\/p>\n<p><strong>Joanna Mucha z\u0142o\u017cy\u0142a rezygnacj\u0119 z funkcji wiceministra edukacji narodowej. Informacj\u0119 potwierdzi\u0142 rzecznik rz\u0105du Adam Sz\u0142apka. Jak poda\u0142o RMF FM, dymisja trafi\u0142a ju\u017c na biurko premiera Donalda Tuska.<\/strong><\/p>\n<p>Decyzja Muchy zapad\u0142a kr\u00f3tko po jej publicznej krytyce kierownictwa Koalicji Obywatelskiej i sztabu Rafa\u0142a Trzaskowskiego, kt\u00f3ry przegra\u0142 wybory prezydenckie. W emocjonalnym wpisie na Facebooku by\u0142a pos\u0142anka PO uderzy\u0142a w mechanizmy wewn\u0119trzne partii:<br \/>\n\u2013 PO nie robi analiz strategicznych. Jest przekonana o w\u0142asnej samozajebisto\u015bci. Uwa\u017ca, \u017ce zwyci\u0119stwo jej si\u0119 po prostu nale\u017cy \u2013 napisa\u0142a, cytuj\u0105c anonimowego cz\u0142onka sztabu Trzaskowskiego.<\/p>\n<h3><strong>\u201eNie zamierzam by\u0107 cicho\u201d<\/strong><\/h3>\n<p>Mucha, od lat zwi\u0105zana z polityk\u0105 centrow\u0105, podkre\u015bli\u0142a, \u017ce jej g\u0142os to efekt wieloletnich obserwacji wewn\u0105trz Platformy Obywatelskiej, kt\u00f3rej by\u0142a cz\u0142onkini\u0105 przez blisko dwie dekady.<br \/>\n\u2013 Od 2015 r. przegrywaj\u0105 kolejne wybory i nie maj\u0105 najmniejszej refleksji \u2013 m\u00f3wi\u0142a.<br \/>\nJej zdaniem premier Tusk woli, by wewn\u0119trzne spory by\u0142y wyciszane. \u2013 Ale teraz nie wolno by\u0107 cicho. Je\u015bli nie zaczniemy m\u00f3wi\u0107 g\u0142o\u015bno, to wszyscy przegramy wybory w 2027 roku \u2013 zaznaczy\u0142a. \u2013 Nie zamierzam milcze\u0107, nawet je\u015bli b\u0119dzie mnie to kosztowa\u0142o stanowisko.<\/p>\n<h3><strong>Kim jest Joanna Mucha?<\/strong><\/h3>\n<p>Joanna Mucha to do\u015bwiadczona polityczka, dzia\u0142aj\u0105ca publicznie od ko\u0144ca lat 90. Karier\u0119 rozpoczyna\u0142a w Unii Wolno\u015bci, a od 2003 r. zwi\u0105za\u0142a si\u0119 z Platform\u0105 Obywatelsk\u0105. W 2007 r. zdoby\u0142a mandat poselski, a w latach 2011\u20132013 pe\u0142ni\u0142a funkcj\u0119 ministra sportu i turystyki.<\/p>\n<p>W 2021 r. przesz\u0142a do Polski 2050 Szymona Ho\u0142owni. Od grudnia 2023 r. pe\u0142ni\u0142a funkcj\u0119 wiceministra edukacji w rz\u0105dzie Donalda Tuska.<\/p>\n<p style=\"text-align: right\"><em>Na podst. Polsat News<\/em><\/p>\n","protected":false},"excerpt":{"rendered":"<p>Joanna Mucha z\u0142o\u017cy\u0142a rezygnacj\u0119 z funkcji wiceministra edukacji narodowej. Informacj\u0119 potwierdzi\u0142 rzecznik rz\u0105du Adam Sz\u0142apka. Jak poda\u0142o RMF FM, dymisja trafi\u0142a ju\u017c na biurko premiera&hellip;<\/p>\n","protected":false},"author":3,"featured_media":2166,"comment_status":"open","ping_status":"open","sticky":false,"template":"","format":"standard","meta":{"footnotes":""},"categories":[14,18],"tags":[],"class_list":["post-2165","post","type-post","status-publish","format-standard","has-post-thumbnail","hentry","category-polska","category-top-news"],"_links":{"self":[{"href":"https:\/\/radiopoloniawinnipeg.com\/index.php\/wp-json\/wp\/v2\/posts\/2165","targetHints":{"allow":["GET"]}}],"collection":[{"href":"https:\/\/radiopoloniawinnipeg.com\/index.php\/wp-json\/wp\/v2\/posts"}],"about":[{"href":"https:\/\/radiopoloniawinnipeg.com\/index.php\/wp-json\/wp\/v2\/types\/post"}],"author":[{"embeddable":true,"href":"https:\/\/radiopoloniawinnipeg.com\/index.php\/wp-json\/wp\/v2\/users\/3"}],"replies":[{"embeddable":true,"href":"https:\/\/radiopoloniawinnipeg.com\/index.php\/wp-json\/wp\/v2\/comments?post=2165"}],"version-history":[{"count":0,"href":"https:\/\/radiopoloniawinnipeg.com\/index.php\/wp-json\/wp\/v2\/posts\/2165\/revisions"}],"wp:featuredmedia":[{"embeddable":true,"href":"https:\/\/radiopoloniawinnipeg.com\/index.php\/wp-json\/wp\/v2\/media\/2166"}],"wp:attachment":[{"href":"https:\/\/radiopoloniawinnipeg.com\/index.php\/wp-json\/wp\/v2\/media?parent=2165"}],"wp:term":[{"taxonomy":"category","embeddable":true,"href":"https:\/\/radiopoloniawinnipeg.com\/index.php\/wp-json\/wp\/v2\/categories?post=2165"},{"taxonomy":"post_tag","embeddable":true,"href":"https:\/\/radiopoloniawinnipeg.com\/index.php\/wp-json\/wp\/v2\/tags?post=2165"}],"curies":[{"name":"wp","href":"https:\/\/api.w.org\/{rel}","templated":true}]}}