{"id":2171,"date":"2025-06-23T15:15:04","date_gmt":"2025-06-23T19:15:04","guid":{"rendered":"https:\/\/radiopoloniawinnipeg.com\/index.php\/2025\/06\/23\/iran-atakuje-amerykanow-w-bazach-wojskowych\/"},"modified":"2025-06-23T15:15:04","modified_gmt":"2025-06-23T19:15:04","slug":"iran-atakuje-amerykanow-w-bazach-wojskowych","status":"publish","type":"post","link":"https:\/\/radiopoloniawinnipeg.com\/index.php\/2025\/06\/23\/iran-atakuje-amerykanow-w-bazach-wojskowych\/","title":{"rendered":"Iran atakuje Amerykan\u00f3w w bazach wojskowych"},"content":{"rendered":"<p>W poniedzia\u0142ek Iran przeprowadzi\u0142 ataki rakietowe na bazy wojskowe Stan\u00f3w Zjednoczonych zlokalizowane w Katarze i Iraku. Wed\u0142ug urz\u0119dnik\u00f3w, by\u0142 to odwet za ameryka\u0144skie naloty na ira\u0144skie instalacje nuklearne i eskalacj\u0119 napi\u0119\u0107 w regionie Bliskiego Wschodu.<\/p>\n<p>Ira\u0144ska telewizja pa\u0144stwowa poinformowa\u0142a o uderzeniu w baz\u0119 Al Udeid w Katarze, okre\u015blaj\u0105c je jako \u201emocn\u0105 i skuteczn\u0105 odpowied\u017a\u201d na \u201eameryka\u0144sk\u0105 agresj\u0119\u201d. Informacj\u0119 t\u0119 opatrzono dramatyczn\u0105 muzyk\u0105 wojenn\u0105. Katarczycy poinformowali, \u017ce ich systemy obrony powietrznej zdo\u0142a\u0142y przechwyci\u0107 nadlatuj\u0105ce pociski.<\/p>\n<p>Wed\u0142ug doniesie\u0144 Associated Press, Iran zaatakowa\u0142 tak\u017ce baz\u0119 wojskow\u0105 Ain al-Assad w zachodnim Iraku, gdzie stacjonuj\u0105 ameryka\u0144scy \u017co\u0142nierze. Informacje te przekaza\u0142 anonimowy przedstawiciel irackich s\u0142u\u017cb bezpiecze\u0144stwa.<\/p>\n<p>Departament Obrony USA potwierdzi\u0142, \u017ce baza Al Udeid zosta\u0142a ostrzelana rakietami balistycznymi kr\u00f3tkiego i \u015bredniego zasi\u0119gu, ale jak dot\u0105d nie odnotowano \u017cadnych ofiar. Amerykanie nadal monitoruj\u0105 sytuacj\u0119.<\/p>\n<p>Iran oficjalnie przyzna\u0142 si\u0119 do przeprowadzenia atak\u00f3w, zaznaczaj\u0105c, \u017ce liczba rakiet wystrzelonych w stron\u0119 Kataru odpowiada liczbie bomb zrzuconych przez USA na ira\u0144skie obiekty w ostatni weekend. Mo\u017ce to sugerowa\u0107 pr\u00f3b\u0119 ograniczenia eskalacji.<\/p>\n<p>Tu\u017c przed poniedzia\u0142kowymi eksplozjami, prezydent Iranu Masoud Pezeshkian napisa\u0142 na platformie X: \u201eTo nie my rozpocz\u0119li\u015bmy t\u0119 wojn\u0119, nie szukali\u015bmy jej. Ale atak na wielki Iran nie pozostanie bez odpowiedzi.\u201d<\/p>\n<p>Tego samego dnia Izrael rozszerzy\u0142 swoje operacje militarne przeciwko Iranowi, atakuj\u0105c m.in. bram\u0119 do znanego wi\u0119zienia w Teheranie, gdzie przetrzymywani s\u0105 wi\u0119\u017aniowie polityczni, oraz siedzib\u0119 jednostek wojskowych odpowiedzialnych za t\u0142umienie niedawnych protest\u00f3w.<\/p>\n<p>Gdy nad Teheranem unosi\u0142y si\u0119 k\u0142\u0119by dymu, Izrael sam zosta\u0142 zaatakowany przez kolejn\u0105 fal\u0119 ira\u0144skich rakiet i dron\u00f3w. Wzajemne ostrza\u0142y sta\u0142y si\u0119 codzienno\u015bci\u0105 dla cywil\u00f3w po obu stronach konfliktu od chwili, gdy Izrael rozpocz\u0105\u0142 dzia\u0142ania zbrojne wymierzone w ira\u0144ski program nuklearny.<\/p>\n<p>W jedenastym dniu konfliktu Izrael og\u0142osi\u0142, \u017ce zbombardowa\u0142 kluczowe obiekty rz\u0105dowe i represyjne instytucje re\u017cimu w centrum Teheranu. Jednocze\u015bnie izraelscy oficjele zapewnili, \u017ce celem nie jest obalenie rz\u0105du Iranu, lecz os\u0142abienie jego struktur militarnych \u2013 wroga, z kt\u00f3rym Izrael pozostaje w stanie wrogo\u015bci od czas\u00f3w rewolucji islamskiej w 1979 roku.<\/p>\n<p>Wojsko izraelskie ostrzeg\u0142o, \u017ce w nadchodz\u0105cych dniach kontynuowane b\u0119d\u0105 ataki na cele wojskowe wok\u00f3\u0142 Teheranu, w tym tak\u017ce o charakterze symbolicznym. Komunikat w tej sprawie zosta\u0142 opublikowany na platformie X, mimo \u017ce dost\u0119p do internetu w Iranie jest mocno ograniczony, co skutecznie odcina kraj od \u015bwiata.<\/p>\n<p>Do eskalacji dosz\u0142o kilka godzin po tym, jak Donald Trump publicznie zasugerowa\u0142 mo\u017cliwo\u015b\u0107 zmiany re\u017cimu w Iranie. Na swojej stronie Truth Social napisa\u0142:<br \/>\n\u201eJe\u015bli obecny re\u017cim nie potrafi UCZYNI\u0106 IRANU WIELKIM PONOWNIE, to dlaczego nie mia\u0142oby doj\u015b\u0107 do zmiany rz\u0105d\u00f3w???\u201d<\/p>\n<p>P\u00f3\u017aniej rzeczniczka Bia\u0142ego Domu Karoline Leavitt stwierdzi\u0142a, \u017ce prezydent \u201epo prostu postawi\u0142 pytanie\u201d. Mimo to sugestia zmiany w\u0142adzy wywo\u0142a\u0142a w Teheranie siln\u0105 reakcj\u0119. W\u0142adze Iranu zapowiedzia\u0142y, \u017ce w obecnej sytuacji nie b\u0119d\u0105 prowadzi\u0107 negocjacji i zagrozi\u0142y bezpo\u015brednimi atakami na ameryka\u0144skie si\u0142y lub interesy w regionie. Napi\u0119cia podsyca r\u00f3wnie\u017c trwaj\u0105cy konflikt Izraela z Hamasem w Strefie Gazy.<\/p>\n","protected":false},"excerpt":{"rendered":"<p>W poniedzia\u0142ek Iran przeprowadzi\u0142 ataki rakietowe na bazy wojskowe Stan\u00f3w Zjednoczonych zlokalizowane w Katarze i Iraku. Wed\u0142ug urz\u0119dnik\u00f3w, by\u0142 to odwet za ameryka\u0144skie naloty na&hellip;<\/p>\n","protected":false},"author":3,"featured_media":2172,"comment_status":"open","ping_status":"open","sticky":false,"template":"","format":"standard","meta":{"footnotes":""},"categories":[15,18],"tags":[],"class_list":["post-2171","post","type-post","status-publish","format-standard","has-post-thumbnail","hentry","category-swiat","category-top-news"],"_links":{"self":[{"href":"https:\/\/radiopoloniawinnipeg.com\/index.php\/wp-json\/wp\/v2\/posts\/2171","targetHints":{"allow":["GET"]}}],"collection":[{"href":"https:\/\/radiopoloniawinnipeg.com\/index.php\/wp-json\/wp\/v2\/posts"}],"about":[{"href":"https:\/\/radiopoloniawinnipeg.com\/index.php\/wp-json\/wp\/v2\/types\/post"}],"author":[{"embeddable":true,"href":"https:\/\/radiopoloniawinnipeg.com\/index.php\/wp-json\/wp\/v2\/users\/3"}],"replies":[{"embeddable":true,"href":"https:\/\/radiopoloniawinnipeg.com\/index.php\/wp-json\/wp\/v2\/comments?post=2171"}],"version-history":[{"count":0,"href":"https:\/\/radiopoloniawinnipeg.com\/index.php\/wp-json\/wp\/v2\/posts\/2171\/revisions"}],"wp:featuredmedia":[{"embeddable":true,"href":"https:\/\/radiopoloniawinnipeg.com\/index.php\/wp-json\/wp\/v2\/media\/2172"}],"wp:attachment":[{"href":"https:\/\/radiopoloniawinnipeg.com\/index.php\/wp-json\/wp\/v2\/media?parent=2171"}],"wp:term":[{"taxonomy":"category","embeddable":true,"href":"https:\/\/radiopoloniawinnipeg.com\/index.php\/wp-json\/wp\/v2\/categories?post=2171"},{"taxonomy":"post_tag","embeddable":true,"href":"https:\/\/radiopoloniawinnipeg.com\/index.php\/wp-json\/wp\/v2\/tags?post=2171"}],"curies":[{"name":"wp","href":"https:\/\/api.w.org\/{rel}","templated":true}]}}