{"id":2185,"date":"2025-06-24T08:15:06","date_gmt":"2025-06-24T12:15:06","guid":{"rendered":"https:\/\/radiopoloniawinnipeg.com\/index.php\/2025\/06\/24\/polak-planowal-zamach-na-zelenskiego\/"},"modified":"2025-06-24T08:15:06","modified_gmt":"2025-06-24T12:15:06","slug":"polak-planowal-zamach-na-zelenskiego","status":"publish","type":"post","link":"https:\/\/radiopoloniawinnipeg.com\/index.php\/2025\/06\/24\/polak-planowal-zamach-na-zelenskiego\/","title":{"rendered":"Polak planowa\u0142 zamach na Ze\u0142enskiego"},"content":{"rendered":"<p><img decoding=\"async\" loading=\"lazy\" class=\"aligncenter size-custom-full-size wp-image-215847\" src=\"https:\/\/bejsment.com\/wp-content\/uploads\/2025\/06\/aazamach2-636x427.jpg\" alt=\"\" width=\"636\" height=\"427\" \/><\/p>\n<p><strong>Na lotnisku w Rzeszowie udaremniono pr\u00f3b\u0119 zamachu na prezydenta Ukrainy Wo\u0142odymyra Ze\u0142enskiego \u2013 poinformowa\u0142 szef S\u0142u\u017cby Bezpiecze\u0144stwa Ukrainy (SBU) Wasyl Maliuk. Jak przekaza\u0142, niedosz\u0142ym zamachowcem by\u0142 obywatel Polski, emerytowany wojskowy, zwerbowany przez rosyjskie s\u0142u\u017cby. Do zatrzymania dosz\u0142o dzi\u0119ki wsp\u00f3\u0142pracy polskich i ukrai\u0144skich s\u0142u\u017cb specjalnych.<\/strong><\/p>\n<p>Informacje o zatrzymaniu potwierdzi\u0142 r\u00f3wnie\u017c rzecznik polskiego Ministerstwa Spraw Wewn\u0119trznych i Administracji Jacek Dobrzy\u0144ski.<\/p>\n<h3><strong>Wierzy\u0142 w sowieck\u0105 ide\u0119<\/strong><\/h3>\n<p>Wed\u0142ug szefa SBU, zamach planowany by\u0142 przez Polaka, kt\u00f3ry \u201ezosta\u0142 zwerbowany przez rosyjskie s\u0142u\u017cby dziesi\u0105tki lat temu\u201d. \u2013 Wierzy\u0142 w sowieck\u0105 ide\u0119 i od lat nosi\u0142 si\u0119 z tym zamiarem \u2013 powiedzia\u0142 Maliuk.<\/p>\n<p>Jak relacjonowa\u0142, m\u0119\u017cczyzna mia\u0142 za zadanie \u201efizyczne usuni\u0119cie Ze\u0142enskiego\u201d na terenie lotniska w Rzeszowie. W gr\u0119 wchodzi\u0142y r\u00f3\u017cne scenariusze zamachu, m.in. z wykorzystaniem drona lub snajpera.<\/p>\n<p>\u2013 Zatrzymali\u015bmy go. Nasi polscy koledzy pracowali profesjonalnie. To by\u0142a nasza wsp\u00f3lna akcja \u2013 podkre\u015bli\u0142 Maliuk, nie precyzuj\u0105c jednak dok\u0142adnej daty udaremnionej pr\u00f3by zamachu.<\/p>\n<p>Szef SBU doda\u0142 r\u00f3wnie\u017c, \u017ce niedosz\u0142y zamach w Rzeszowie to nie jedyna pr\u00f3ba zamachu na prezydenta Ukrainy \u2013 kolejna mia\u0142a zosta\u0107 przeprowadzona w jego kancelarii w Kijowie.<\/p>\n<h3><strong>Akcja ABW w woj. lubelskim<\/strong><\/h3>\n<p>Jak ustali\u0142a Interia w rozmowie z rzecznikiem MSWiA, do zatrzymania dosz\u0142o w kwietniu 2024 roku. Szczeg\u00f3\u0142y operacji zosta\u0142y ujawnione we wtorek przez Jacka Dobrzy\u0144skiego w serwisie X.<\/p>\n<p>\u2013 17 kwietnia 2024 r. funkcjonariusze Agencji Bezpiecze\u0144stwa Wewn\u0119trznego, dzia\u0142aj\u0105c na polecenie Mazowieckiego Wydzia\u0142u Zamiejscowego Prokuratury Krajowej, zatrzymali osob\u0119 podejrzan\u0105 o zg\u0142oszenie gotowo\u015bci do wsp\u00f3\u0142pracy z rosyjskimi s\u0142u\u017cbami specjalnymi \u2013 napisa\u0142 Dobrzy\u0144ski.<\/p>\n<p>Zatrzymanym okaza\u0142 si\u0119 Pawe\u0142 K., by\u0142y \u017co\u0142nierz. Do jego zatrzymania dosz\u0142o na terenie wojew\u00f3dztwa lubelskiego. W jego miejscu pobytu zabezpieczono dowody, w tym zgromadzon\u0105 amunicj\u0119.<\/p>\n<h3><strong>Celem by\u0142 Ze\u0142enski i lotnisko w Jasionce<\/strong><\/h3>\n<p>Z ustale\u0144 \u015bledczych wynika, \u017ce Pawe\u0142 K. zg\u0142osi\u0142 gotowo\u015b\u0107 do dzia\u0142ania na rzecz rosyjskiego wywiadu wojskowego GRU. Jego g\u0142\u00f3wnym zadaniem mia\u0142o by\u0107 zebranie informacji o lotnisku Rzesz\u00f3w\u2013Jasionka, kt\u00f3re stanowi kluczowy punkt logistyczny dla dostaw pomocy wojskowej na Ukrain\u0119.<\/p>\n<p>\u2013 Pozyskane dane mia\u0142y pos\u0142u\u017cy\u0107 do przygotowania przez rosyjskie s\u0142u\u017cby specjalne potencjalnego zamachu na \u017cycie prezydenta Ukrainy Wo\u0142odymyra Ze\u0142enskiego \u2013 poinformowa\u0142 rzecznik MSWiA.<\/p>\n<h3><strong>Akt oskar\u017cenia ju\u017c w s\u0105dzie<\/strong><\/h3>\n<p>Post\u0119powanie prowadzone przez ABW jest nadzorowane przez Prokuratur\u0119 Krajow\u0105 i realizowane we wsp\u00f3\u0142pracy z ukrai\u0144sk\u0105 SBU oraz tamtejsz\u0105 prokuratur\u0105.<\/p>\n<p>Rzecznik Prokuratury Krajowej Przemys\u0142aw Nowak przekaza\u0142, \u017ce akt oskar\u017cenia w sprawie Paw\u0142a K. zosta\u0142 skierowany do s\u0105du 20 maja 2025 roku.<\/p>\n<p style=\"text-align: right\"><em>Na podst. Polsat News<\/em><\/p>\n","protected":false},"excerpt":{"rendered":"<p>Na lotnisku w Rzeszowie udaremniono pr\u00f3b\u0119 zamachu na prezydenta Ukrainy Wo\u0142odymyra Ze\u0142enskiego \u2013 poinformowa\u0142 szef S\u0142u\u017cby Bezpiecze\u0144stwa Ukrainy (SBU) Wasyl Maliuk. Jak przekaza\u0142, niedosz\u0142ym zamachowcem&hellip;<\/p>\n","protected":false},"author":3,"featured_media":2186,"comment_status":"open","ping_status":"open","sticky":false,"template":"","format":"standard","meta":{"footnotes":""},"categories":[14,18],"tags":[],"class_list":["post-2185","post","type-post","status-publish","format-standard","has-post-thumbnail","hentry","category-polska","category-top-news"],"_links":{"self":[{"href":"https:\/\/radiopoloniawinnipeg.com\/index.php\/wp-json\/wp\/v2\/posts\/2185","targetHints":{"allow":["GET"]}}],"collection":[{"href":"https:\/\/radiopoloniawinnipeg.com\/index.php\/wp-json\/wp\/v2\/posts"}],"about":[{"href":"https:\/\/radiopoloniawinnipeg.com\/index.php\/wp-json\/wp\/v2\/types\/post"}],"author":[{"embeddable":true,"href":"https:\/\/radiopoloniawinnipeg.com\/index.php\/wp-json\/wp\/v2\/users\/3"}],"replies":[{"embeddable":true,"href":"https:\/\/radiopoloniawinnipeg.com\/index.php\/wp-json\/wp\/v2\/comments?post=2185"}],"version-history":[{"count":0,"href":"https:\/\/radiopoloniawinnipeg.com\/index.php\/wp-json\/wp\/v2\/posts\/2185\/revisions"}],"wp:featuredmedia":[{"embeddable":true,"href":"https:\/\/radiopoloniawinnipeg.com\/index.php\/wp-json\/wp\/v2\/media\/2186"}],"wp:attachment":[{"href":"https:\/\/radiopoloniawinnipeg.com\/index.php\/wp-json\/wp\/v2\/media?parent=2185"}],"wp:term":[{"taxonomy":"category","embeddable":true,"href":"https:\/\/radiopoloniawinnipeg.com\/index.php\/wp-json\/wp\/v2\/categories?post=2185"},{"taxonomy":"post_tag","embeddable":true,"href":"https:\/\/radiopoloniawinnipeg.com\/index.php\/wp-json\/wp\/v2\/tags?post=2185"}],"curies":[{"name":"wp","href":"https:\/\/api.w.org\/{rel}","templated":true}]}}