{"id":2187,"date":"2025-06-24T10:30:05","date_gmt":"2025-06-24T14:30:05","guid":{"rendered":"https:\/\/radiopoloniawinnipeg.com\/index.php\/2025\/06\/24\/burze-nad-polska-5-tys-interwencji\/"},"modified":"2025-06-24T10:30:05","modified_gmt":"2025-06-24T14:30:05","slug":"burze-nad-polska-5-tys-interwencji","status":"publish","type":"post","link":"https:\/\/radiopoloniawinnipeg.com\/index.php\/2025\/06\/24\/burze-nad-polska-5-tys-interwencji\/","title":{"rendered":"Burze nad Polsk\u0105: 5 tys. interwencji"},"content":{"rendered":"<p><img decoding=\"async\" loading=\"lazy\" class=\"aligncenter size-custom-full-size wp-image-215866\" src=\"https:\/\/bejsment.com\/wp-content\/uploads\/2025\/06\/aaburze2-1-636x358.jpg\" alt=\"\" width=\"636\" height=\"358\" \/><\/p>\n<p><strong>Po przej\u015bciu gwa\u0142townego frontu burzowego nad Polsk\u0105, stra\u017c po\u017carna odnotowa\u0142a ponad 5 tysi\u0119cy interwencji. Najwi\u0119cej zg\u0142osze\u0144 nap\u0142yn\u0119\u0142o z wojew\u00f3dztw \u015bl\u0105skiego i zachodniopomorskiego. W wyniku z\u0142amanych drzew dwie osoby zosta\u0142y ranne, a oko\u0142o 90 tysi\u0119cy gospodarstw pozostawa\u0142o bez pr\u0105du.<\/strong><\/p>\n<p>Jak poinformowa\u0142 st. bryg. Karol Kierzkowski, rzecznik komendanta g\u0142\u00f3wnego Pa\u0144stwowej Stra\u017cy Po\u017carnej, tylko w poniedzia\u0142ek stra\u017cacy interweniowali 5098 razy. Najwi\u0119cej zg\u0142osze\u0144 pochodzi\u0142o z:<\/p>\n<ul>\n<li>\u015bl\u0105skiego \u2013 773 interwencje<\/li>\n<li>zachodniopomorskiego \u2013 520<\/li>\n<li>wielkopolskiego \u2013 508<\/li>\n<\/ul>\n<h3><strong>Po\u0142amane drzewa, zniszczone budynki<\/strong><\/h3>\n<p>\u2013 Noc by\u0142a bardzo dynamiczna i intensywna. Zdarzenia odnotowano w ca\u0142ym kraju, a wi\u0119kszo\u015b\u0107 interwencji dotyczy\u0142a usuwania przewr\u00f3conych drzew i po\u0142amanych ga\u0142\u0119zi \u2013 relacjonowa\u0142 Kierzkowski.<\/p>\n<p>Drzewa spada\u0142y na samochody i domy, zagra\u017caj\u0105c bezpiecze\u0144stwu ludzi oraz blokuj\u0105c drogi. W sumie odnotowano oko\u0142o 100 zg\u0142osze\u0144 dotycz\u0105cych uszkodze\u0144 budynk\u00f3w, w tym najwi\u0119cej w woj. \u015bwi\u0119tokrzyskim (27) i ma\u0142opolskim (20).<\/p>\n<h3><strong>Ranni i uszkodzone pojazdy<\/strong><\/h3>\n<p>W Ko\u0142obrzegu konar drzewa spad\u0142 na kobiet\u0119 jad\u0105c\u0105 rowerem \u2013 zosta\u0142a ranna. W Samborcu (woj. \u015bwi\u0119tokrzyskie) drzewo przygniot\u0142o samoch\u00f3d \u2013 poszkodowany kierowca trafi\u0142 pod opiek\u0119 medyk\u00f3w. W Wa\u0142czu (woj. zachodniopomorskie) drzewo upad\u0142o na samoch\u00f3d z czterema osobami \u2013 nikt nie odni\u00f3s\u0142 obra\u017ce\u0144.<\/p>\n<h3><strong>Tysi\u0105ce ludzi bez pr\u0105du<\/strong><\/h3>\n<p>Na skutek burz i wichur ponad 90 tys. odbiorc\u00f3w zosta\u0142o pozbawionych pr\u0105du. Jak przekaza\u0142 rzecznik PSP, usuwanie uszkodze\u0144 wci\u0105\u017c trwa, a wielu mieszka\u0144c\u00f3w mo\u017ce nie mie\u0107 zasilania jeszcze we wtorek.<\/p>\n<p>Na wybrze\u017cu nadal obowi\u0105zuj\u0105 ostrze\u017cenia IMGW pierwszego stopnia \u2013 prognozowane s\u0105 porywy wiatru do 85 km\/h.<\/p>\n<p><strong>Alert RCB i ostrze\u017cenia meteorologiczne<\/strong><\/p>\n<p>W poniedzia\u0142ek Rz\u0105dowe Centrum Bezpiecze\u0144stwa rozes\u0142a\u0142o alerty SMS ostrzegaj\u0105ce przed gwa\u0142townymi burzami i silnym wiatrem. U\u017cytkownicy telefon\u00f3w kom\u00f3rkowych zostali wezwani do przygotowania si\u0119 na mo\u017cliwe przerwy w dostawie pr\u0105du.<\/p>\n<p>Komunikaty trafi\u0142y do mieszka\u0144c\u00f3w i os\u00f3b przebywaj\u0105cych na terenie \u0142\u0105cznie 16 wojew\u00f3dztw, w tym m.in. zachodniopomorskiego, podlaskiego, mazowieckiego, ma\u0142opolskiego, \u015bwi\u0119tokrzyskiego i \u0142\u00f3dzkiego.<\/p>\n<p style=\"text-align: right\"><em>Na podst. Polsat News<\/em><\/p>\n","protected":false},"excerpt":{"rendered":"<p>Po przej\u015bciu gwa\u0142townego frontu burzowego nad Polsk\u0105, stra\u017c po\u017carna odnotowa\u0142a ponad 5 tysi\u0119cy interwencji. Najwi\u0119cej zg\u0142osze\u0144 nap\u0142yn\u0119\u0142o z wojew\u00f3dztw \u015bl\u0105skiego i zachodniopomorskiego. W wyniku z\u0142amanych&hellip;<\/p>\n","protected":false},"author":3,"featured_media":2188,"comment_status":"open","ping_status":"open","sticky":false,"template":"","format":"standard","meta":{"footnotes":""},"categories":[14,18],"tags":[],"class_list":["post-2187","post","type-post","status-publish","format-standard","has-post-thumbnail","hentry","category-polska","category-top-news"],"_links":{"self":[{"href":"https:\/\/radiopoloniawinnipeg.com\/index.php\/wp-json\/wp\/v2\/posts\/2187","targetHints":{"allow":["GET"]}}],"collection":[{"href":"https:\/\/radiopoloniawinnipeg.com\/index.php\/wp-json\/wp\/v2\/posts"}],"about":[{"href":"https:\/\/radiopoloniawinnipeg.com\/index.php\/wp-json\/wp\/v2\/types\/post"}],"author":[{"embeddable":true,"href":"https:\/\/radiopoloniawinnipeg.com\/index.php\/wp-json\/wp\/v2\/users\/3"}],"replies":[{"embeddable":true,"href":"https:\/\/radiopoloniawinnipeg.com\/index.php\/wp-json\/wp\/v2\/comments?post=2187"}],"version-history":[{"count":0,"href":"https:\/\/radiopoloniawinnipeg.com\/index.php\/wp-json\/wp\/v2\/posts\/2187\/revisions"}],"wp:featuredmedia":[{"embeddable":true,"href":"https:\/\/radiopoloniawinnipeg.com\/index.php\/wp-json\/wp\/v2\/media\/2188"}],"wp:attachment":[{"href":"https:\/\/radiopoloniawinnipeg.com\/index.php\/wp-json\/wp\/v2\/media?parent=2187"}],"wp:term":[{"taxonomy":"category","embeddable":true,"href":"https:\/\/radiopoloniawinnipeg.com\/index.php\/wp-json\/wp\/v2\/categories?post=2187"},{"taxonomy":"post_tag","embeddable":true,"href":"https:\/\/radiopoloniawinnipeg.com\/index.php\/wp-json\/wp\/v2\/tags?post=2187"}],"curies":[{"name":"wp","href":"https:\/\/api.w.org\/{rel}","templated":true}]}}