{"id":2207,"date":"2025-06-25T13:00:12","date_gmt":"2025-06-25T17:00:12","guid":{"rendered":"https:\/\/radiopoloniawinnipeg.com\/index.php\/2025\/06\/25\/spotkanie-dudy-z-trumpem-na-szczycie-nato\/"},"modified":"2025-06-25T13:00:12","modified_gmt":"2025-06-25T17:00:12","slug":"spotkanie-dudy-z-trumpem-na-szczycie-nato","status":"publish","type":"post","link":"https:\/\/radiopoloniawinnipeg.com\/index.php\/2025\/06\/25\/spotkanie-dudy-z-trumpem-na-szczycie-nato\/","title":{"rendered":"Spotkanie Dudy z Trumpem na szczycie NATO"},"content":{"rendered":"<p><img decoding=\"async\" loading=\"lazy\" class=\"aligncenter size-custom-full-size wp-image-215967\" src=\"https:\/\/bejsment.com\/wp-content\/uploads\/2025\/06\/aadudatrump-1-636x478.jpg\" alt=\"\" width=\"636\" height=\"478\" \/><\/p>\n<p><strong>W \u015brod\u0119, podczas szczytu NATO w Hadze, prezydent Andrzej Duda odby\u0142 rozmow\u0119 z prezydentem USA Donaldem Trumpem. O spotkaniu poinformowa\u0142a Kancelaria Prezydenta we wpisie na platformie X, do kt\u00f3rego do\u0142\u0105czono zdj\u0119cie obu lider\u00f3w dyskutuj\u0105cych w sali obrad World Forum \u2013 miejscu posiedzenia Rady P\u00f3\u0142nocnoatlantyckiej, najwa\u017cniejszego organu decyzyjnego Sojuszu.<\/strong><\/p>\n<p>Nie ujawniono, czego dok\u0142adnie dotyczy\u0142a rozmowa, jednak spotkanie wpisuje si\u0119 w szerszy kontekst obrad, kt\u00f3rych kluczowym tematem jest podniesienie wydatk\u00f3w obronnych pa\u0144stw NATO do poziomu 5 proc. PKB.<\/p>\n<p>\u2013 Ciesz\u0119 si\u0119, \u017ce wszystko wskazuje na jedno\u015b\u0107 Sojuszu w tej bardzo wa\u017cnej kwestii \u2013 powiedzia\u0142 prezydent Duda przed rozpocz\u0119ciem szczytu. \u2013 Mam nadziej\u0119, \u017ce wsp\u00f3lnie podejmiemy decyzj\u0119 w tej sprawie.<\/p>\n<p>Prezydent podkre\u015bli\u0142 r\u00f3wnie\u017c znaczenie rozbudowy infrastruktury logistycznej NATO na wschodniej flance:<br \/>\n\u2013 Wa\u017cne jest przed\u0142u\u017cenie ruroci\u0105g\u00f3w NATO z paliwem, kt\u00f3re dzi\u015b ko\u0144cz\u0105 si\u0119 na Zachodzie Europy, dalej na Wsch\u00f3d \u2013 zaznaczy\u0142.<\/p>\n<p><strong>Wojna, przemys\u0142 i wsparcie dla Ukrainy<\/strong><\/p>\n<p>W\u015br\u00f3d temat\u00f3w omawianych na szczycie znalaz\u0142y si\u0119 r\u00f3wnie\u017c: rozw\u00f3j przemys\u0142\u00f3w obronnych, dalsza pomoc wojskowa i polityczna dla Ukrainy oraz eskalacja konfliktu na Bliskim Wschodzie mi\u0119dzy Izraelem a Iranem.<\/p>\n<p>W spotkaniu uczestniczyli r\u00f3wnie\u017c polscy ministrowie: szef MSZ Rados\u0142aw Sikorski, wicepremier i minister obrony W\u0142adys\u0142aw Kosiniak-Kamysz oraz wiceszef MON Pawe\u0142 Zalewski. W Hadze obecny by\u0142 tak\u017ce prezydent Ukrainy Wo\u0142odymyr Ze\u0142enski, mimo \u017ce jego kraj wci\u0105\u017c pozostaje poza strukturami NATO.<\/p>\n<p>Dla prezydenta Dudy by\u0142 to jedenasty szczyt NATO. Obecnie Sojusz liczy 32 pa\u0144stwa Ameryki P\u00f3\u0142nocnej i Europy. Ostatnie rozszerzenie mia\u0142o miejsce w marcu 2024 roku, kiedy do NATO przyst\u0105pi\u0142a Szwecja. Rok wcze\u015bniej \u2013 Finlandia.<\/p>\n<p style=\"text-align: right\"><em>Na podst. WP<\/em><\/p>\n","protected":false},"excerpt":{"rendered":"<p>W \u015brod\u0119, podczas szczytu NATO w Hadze, prezydent Andrzej Duda odby\u0142 rozmow\u0119 z prezydentem USA Donaldem Trumpem. O spotkaniu poinformowa\u0142a Kancelaria Prezydenta we wpisie na&hellip;<\/p>\n","protected":false},"author":3,"featured_media":2208,"comment_status":"open","ping_status":"open","sticky":false,"template":"","format":"standard","meta":{"footnotes":""},"categories":[15,18],"tags":[],"class_list":["post-2207","post","type-post","status-publish","format-standard","has-post-thumbnail","hentry","category-swiat","category-top-news"],"_links":{"self":[{"href":"https:\/\/radiopoloniawinnipeg.com\/index.php\/wp-json\/wp\/v2\/posts\/2207","targetHints":{"allow":["GET"]}}],"collection":[{"href":"https:\/\/radiopoloniawinnipeg.com\/index.php\/wp-json\/wp\/v2\/posts"}],"about":[{"href":"https:\/\/radiopoloniawinnipeg.com\/index.php\/wp-json\/wp\/v2\/types\/post"}],"author":[{"embeddable":true,"href":"https:\/\/radiopoloniawinnipeg.com\/index.php\/wp-json\/wp\/v2\/users\/3"}],"replies":[{"embeddable":true,"href":"https:\/\/radiopoloniawinnipeg.com\/index.php\/wp-json\/wp\/v2\/comments?post=2207"}],"version-history":[{"count":0,"href":"https:\/\/radiopoloniawinnipeg.com\/index.php\/wp-json\/wp\/v2\/posts\/2207\/revisions"}],"wp:featuredmedia":[{"embeddable":true,"href":"https:\/\/radiopoloniawinnipeg.com\/index.php\/wp-json\/wp\/v2\/media\/2208"}],"wp:attachment":[{"href":"https:\/\/radiopoloniawinnipeg.com\/index.php\/wp-json\/wp\/v2\/media?parent=2207"}],"wp:term":[{"taxonomy":"category","embeddable":true,"href":"https:\/\/radiopoloniawinnipeg.com\/index.php\/wp-json\/wp\/v2\/categories?post=2207"},{"taxonomy":"post_tag","embeddable":true,"href":"https:\/\/radiopoloniawinnipeg.com\/index.php\/wp-json\/wp\/v2\/tags?post=2207"}],"curies":[{"name":"wp","href":"https:\/\/api.w.org\/{rel}","templated":true}]}}