{"id":2209,"date":"2025-06-25T14:30:08","date_gmt":"2025-06-25T18:30:08","guid":{"rendered":"https:\/\/radiopoloniawinnipeg.com\/index.php\/2025\/06\/25\/krrit-wlasciciele-tvn-powiazani-z-moskwa\/"},"modified":"2025-06-25T14:30:08","modified_gmt":"2025-06-25T18:30:08","slug":"krrit-wlasciciele-tvn-powiazani-z-moskwa","status":"publish","type":"post","link":"https:\/\/radiopoloniawinnipeg.com\/index.php\/2025\/06\/25\/krrit-wlasciciele-tvn-powiazani-z-moskwa\/","title":{"rendered":"KRRiT: W\u0142a\u015bciciele TVN powi\u0105zani z Moskw\u0105?"},"content":{"rendered":"<div id=\"attachment_215973\" style=\"width: 646px\" class=\"wp-caption aligncenter\"><img decoding=\"async\" loading=\"lazy\" aria-describedby=\"caption-attachment-215973\" class=\"size-custom-full-size wp-image-215973\" src=\"https:\/\/bejsment.com\/wp-content\/uploads\/2025\/06\/aaswirski-636x358.jpg\" alt=\"\" width=\"636\" height=\"358\" \/><\/p>\n<p id=\"caption-attachment-215973\" class=\"wp-caption-text\">Maciej \u015awirski<\/p>\n<\/div>\n<p><strong>Przewodnicz\u0105cy Krajowej Rady Radiofonii i Telewizji Maciej \u015awirski przedstawi\u0142 w \u015brod\u0119 w Sejmie sprawozdanie z dzia\u0142alno\u015bci KRRiT za 2024 rok. W swoim wyst\u0105pieniu nawi\u0105za\u0142 do kontrowersji wok\u00f3\u0142 przed\u0142u\u017cenia koncesji dla TVN S.A., wskazuj\u0105c na \u201eznacz\u0105ce trudno\u015bci\u201d w ustaleniu struktury w\u0142a\u015bcicielskiej nadawcy.<\/strong><\/p>\n<p>\u2013 TVN pocz\u0105tkowo odm\u00f3wi\u0142 przekazania pe\u0142nych danych, powo\u0142uj\u0105c si\u0119 na tajemnic\u0119 przedsi\u0119biorstwa \u2013 powiedzia\u0142 \u015awirski. \u2013 Po wezwaniu do uzupe\u0142nienia, nadawca przes\u0142a\u0142 dokumenty z klauzul\u0105 poufno\u015bci, kt\u00f3ra \u2013 w \u015bwietle polskiego i unijnego prawa \u2013 nie ma mocy blokuj\u0105cej dzia\u0142ania regulatora.<\/p>\n<p>Analiza ujawnionych materia\u0142\u00f3w wykaza\u0142a, \u017ce struktura w\u0142a\u015bcicielska TVN obejmuje ponad 20 sp\u00f3\u0142ek zarejestrowanych w r\u00f3\u017cnych jurysdykcjach, m.in. w Delaware, Barbados, Saint Thomas, Amsterdamie i Londynie. \u2013 Wi\u0119kszo\u015b\u0107 z nich funkcjonuje w rajach podatkowych. Dwie sp\u00f3\u0142ki bezpo\u015brednio nad TVN-em s\u0105 zarejestrowane w Delaware i na Barbadosie. Jedna z nich posiada 98 proc. udzia\u0142\u00f3w w ca\u0142ym \u0142a\u0144cuchu, druga \u2013 0,000001 proc. To mo\u017ce sugerowa\u0107 istnienie tzw. z\u0142otej akcji lub innej niestandardowej konstrukcji w\u0142asno\u015bciowej \u2013 powiedzia\u0142 szef KRRiT.<\/p>\n<p>\u015awirski przyzna\u0142, \u017ce mimo pr\u00f3b ustalenia faktycznych w\u0142a\u015bcicieli, polskie s\u0142u\u017cby odm\u00f3wi\u0142y zaanga\u017cowania ze wzgl\u0119du na brak podstaw prawnych, a kancelarie prawne powo\u0142a\u0142y si\u0119 na konflikty interes\u00f3w. KRRiT nie dysponowa\u0142a r\u00f3wnie\u017c \u015brodkami na pozyskanie zagranicznej pomocy prawnej.<\/p>\n<p>\u2013 W efekcie nie tylko KRRiT, ale i pa\u0144stwo polskie nie maj\u0105 pewno\u015bci, kto faktycznie kontroluje TVN \u2013 podkre\u015bli\u0142 przewodnicz\u0105cy.<\/p>\n<p>Wed\u0142ug \u015awirskiego, w \u0142a\u0144cuchu w\u0142a\u015bcicielskim znajduj\u0105 si\u0119 tak\u017ce dwie sp\u00f3\u0142ki londy\u0144skie, kt\u00f3re mia\u0142y lub nadal maj\u0105 udzia\u0142y w rosyjskich kana\u0142ach telewizyjnych. \u2013 Osoby zwi\u0105zane z tymi podmiotami s\u0105 bezpo\u015brednio powi\u0105zane z W\u0142adimirem Putinem \u2013 stwierdzi\u0142.<\/p>\n<p style=\"text-align: right\"><em>Na podst. Sejm<\/em><\/p>\n","protected":false},"excerpt":{"rendered":"<p>Maciej \u015awirski Przewodnicz\u0105cy Krajowej Rady Radiofonii i Telewizji Maciej \u015awirski przedstawi\u0142 w \u015brod\u0119 w Sejmie sprawozdanie z dzia\u0142alno\u015bci KRRiT za 2024 rok. W swoim wyst\u0105pieniu&hellip;<\/p>\n","protected":false},"author":3,"featured_media":2210,"comment_status":"open","ping_status":"open","sticky":false,"template":"","format":"standard","meta":{"footnotes":""},"categories":[14,18],"tags":[],"class_list":["post-2209","post","type-post","status-publish","format-standard","has-post-thumbnail","hentry","category-polska","category-top-news"],"_links":{"self":[{"href":"https:\/\/radiopoloniawinnipeg.com\/index.php\/wp-json\/wp\/v2\/posts\/2209","targetHints":{"allow":["GET"]}}],"collection":[{"href":"https:\/\/radiopoloniawinnipeg.com\/index.php\/wp-json\/wp\/v2\/posts"}],"about":[{"href":"https:\/\/radiopoloniawinnipeg.com\/index.php\/wp-json\/wp\/v2\/types\/post"}],"author":[{"embeddable":true,"href":"https:\/\/radiopoloniawinnipeg.com\/index.php\/wp-json\/wp\/v2\/users\/3"}],"replies":[{"embeddable":true,"href":"https:\/\/radiopoloniawinnipeg.com\/index.php\/wp-json\/wp\/v2\/comments?post=2209"}],"version-history":[{"count":0,"href":"https:\/\/radiopoloniawinnipeg.com\/index.php\/wp-json\/wp\/v2\/posts\/2209\/revisions"}],"wp:featuredmedia":[{"embeddable":true,"href":"https:\/\/radiopoloniawinnipeg.com\/index.php\/wp-json\/wp\/v2\/media\/2210"}],"wp:attachment":[{"href":"https:\/\/radiopoloniawinnipeg.com\/index.php\/wp-json\/wp\/v2\/media?parent=2209"}],"wp:term":[{"taxonomy":"category","embeddable":true,"href":"https:\/\/radiopoloniawinnipeg.com\/index.php\/wp-json\/wp\/v2\/categories?post=2209"},{"taxonomy":"post_tag","embeddable":true,"href":"https:\/\/radiopoloniawinnipeg.com\/index.php\/wp-json\/wp\/v2\/tags?post=2209"}],"curies":[{"name":"wp","href":"https:\/\/api.w.org\/{rel}","templated":true}]}}