{"id":2219,"date":"2025-06-26T07:30:06","date_gmt":"2025-06-26T11:30:06","guid":{"rendered":"https:\/\/radiopoloniawinnipeg.com\/index.php\/2025\/06\/26\/holownia-stawia-lewicy-ultimatum\/"},"modified":"2025-06-26T07:30:06","modified_gmt":"2025-06-26T11:30:06","slug":"holownia-stawia-lewicy-ultimatum","status":"publish","type":"post","link":"https:\/\/radiopoloniawinnipeg.com\/index.php\/2025\/06\/26\/holownia-stawia-lewicy-ultimatum\/","title":{"rendered":"Ho\u0142ownia stawia Lewicy ultimatum"},"content":{"rendered":"<p><img decoding=\"async\" loading=\"lazy\" class=\"aligncenter size-custom-full-size wp-image-216043\" src=\"https:\/\/bejsment.com\/wp-content\/uploads\/2025\/06\/aaholownia2-1-636x398.jpg\" alt=\"\" width=\"636\" height=\"398\" \/><\/p>\n<p><strong>Szymon Ho\u0142ownia zapowiedzia\u0142, \u017ce nie ust\u0105pi z funkcji marsza\u0142ka Sejmu, cho\u0107 zgodnie z umow\u0105 koalicyjn\u0105 w listopadzie 2025 roku fotel ten mia\u0142by obj\u0105\u0107 W\u0142odzimierz Czarzasty z Lewicy. Polska 2050 stawia spraw\u0119 jasno \u2013 je\u015bli Lewica chce marsza\u0142ka, powinna odda\u0107 tek\u0119 wicepremiera.<\/strong><\/p>\n<p>Wed\u0142ug Onetu, ugrupowanie Ho\u0142owni powo\u0142uje si\u0119 na ustalenia z pocz\u0105tku kadencji. \u2013 Czy b\u0119dziemy stawia\u0107 spraw\u0119 na ostrzu no\u017ca? Oczywi\u015bcie, \u017ce tak. Lewica nie mo\u017ce mie\u0107 wszystkiego. Nie mo\u017ce ogon macha\u0107 psem \u2013 m\u00f3wi jeden z polityk\u00f3w Polski 2050. Minister klimatu Paulina Hennig-Kloska dodaje: \u2013 Obecnie nie mamy wicepremiera, bo mamy marsza\u0142ka. Je\u015bli Lewica chce obj\u0105\u0107 Sejm, musi odda\u0107 sw\u00f3j rz\u0105dowy przywilej.<\/p>\n<p>W gronie potencjalnych kandydat\u00f3w na wicepremiera z Lewicy wymienia si\u0119 minister funduszy Katarzyn\u0119 Pe\u0142czy\u0144sk\u0105-Na\u0142\u0119cz. Szef klubu Polska 2050, Pawe\u0142 \u015aliz, podkre\u015bla, \u017ce jako najmniejszy klub parlamentarny Lewica nie powinna mie\u0107 tylu kluczowych stanowisk.<\/p>\n<p>Lewica nie zamierza ust\u0119powa\u0107. \u2013 W\u0142odek nie odda fotela. Nie ma takiej opcji. Starania Ho\u0142owni to marzenie \u015bci\u0119tej g\u0142owy \u2013 m\u00f3wi jeden z pos\u0142\u00f3w. Czarzasty mia\u0142by by\u0107 got\u00f3w odda\u0107 niekt\u00f3re resorty w ramach rekonstrukcji, ale nie fotel marsza\u0142ka.<\/p>\n<p>\u2013 Je\u015bli kto\u015b chce zrywa\u0107 koalicyjn\u0105 umow\u0119, niech b\u0119dzie got\u00f3w ponie\u015b\u0107 tego konsekwencje \u2013 ostrzega sam Czarzasty. Na pytanie o ewentualn\u0105 renegocjacj\u0119 odpowiada: \u2013 Czy ja wygl\u0105dam na kogo\u015b, kto pod czyim\u015b wp\u0142ywem zmienia zdanie? Nie. Nic nie oddamy.<\/p>\n<p style=\"text-align: right\"><em>Na podst. i.Pl<\/em><\/p>\n","protected":false},"excerpt":{"rendered":"<p>Szymon Ho\u0142ownia zapowiedzia\u0142, \u017ce nie ust\u0105pi z funkcji marsza\u0142ka Sejmu, cho\u0107 zgodnie z umow\u0105 koalicyjn\u0105 w listopadzie 2025 roku fotel ten mia\u0142by obj\u0105\u0107 W\u0142odzimierz Czarzasty&hellip;<\/p>\n","protected":false},"author":3,"featured_media":2220,"comment_status":"open","ping_status":"open","sticky":false,"template":"","format":"standard","meta":{"footnotes":""},"categories":[14,18],"tags":[],"class_list":["post-2219","post","type-post","status-publish","format-standard","has-post-thumbnail","hentry","category-polska","category-top-news"],"_links":{"self":[{"href":"https:\/\/radiopoloniawinnipeg.com\/index.php\/wp-json\/wp\/v2\/posts\/2219","targetHints":{"allow":["GET"]}}],"collection":[{"href":"https:\/\/radiopoloniawinnipeg.com\/index.php\/wp-json\/wp\/v2\/posts"}],"about":[{"href":"https:\/\/radiopoloniawinnipeg.com\/index.php\/wp-json\/wp\/v2\/types\/post"}],"author":[{"embeddable":true,"href":"https:\/\/radiopoloniawinnipeg.com\/index.php\/wp-json\/wp\/v2\/users\/3"}],"replies":[{"embeddable":true,"href":"https:\/\/radiopoloniawinnipeg.com\/index.php\/wp-json\/wp\/v2\/comments?post=2219"}],"version-history":[{"count":0,"href":"https:\/\/radiopoloniawinnipeg.com\/index.php\/wp-json\/wp\/v2\/posts\/2219\/revisions"}],"wp:featuredmedia":[{"embeddable":true,"href":"https:\/\/radiopoloniawinnipeg.com\/index.php\/wp-json\/wp\/v2\/media\/2220"}],"wp:attachment":[{"href":"https:\/\/radiopoloniawinnipeg.com\/index.php\/wp-json\/wp\/v2\/media?parent=2219"}],"wp:term":[{"taxonomy":"category","embeddable":true,"href":"https:\/\/radiopoloniawinnipeg.com\/index.php\/wp-json\/wp\/v2\/categories?post=2219"},{"taxonomy":"post_tag","embeddable":true,"href":"https:\/\/radiopoloniawinnipeg.com\/index.php\/wp-json\/wp\/v2\/tags?post=2219"}],"curies":[{"name":"wp","href":"https:\/\/api.w.org\/{rel}","templated":true}]}}