{"id":2229,"date":"2025-06-26T13:30:04","date_gmt":"2025-06-26T17:30:04","guid":{"rendered":"https:\/\/radiopoloniawinnipeg.com\/index.php\/2025\/06\/26\/muzulmanka-z-winnipeg-czuje-sie-upokorzona-po-tym-jak-kazano-jej-zdjac-hidzab-na-lotnisku-w-toronto\/"},"modified":"2025-06-26T13:30:04","modified_gmt":"2025-06-26T17:30:04","slug":"muzulmanka-z-winnipeg-czuje-sie-upokorzona-po-tym-jak-kazano-jej-zdjac-hidzab-na-lotnisku-w-toronto","status":"publish","type":"post","link":"https:\/\/radiopoloniawinnipeg.com\/index.php\/2025\/06\/26\/muzulmanka-z-winnipeg-czuje-sie-upokorzona-po-tym-jak-kazano-jej-zdjac-hidzab-na-lotnisku-w-toronto\/","title":{"rendered":"Muzu\u0142manka z Winnipeg czuje si\u0119 \u201eupokorzona\u201d po tym, jak kazano jej zdj\u0105\u0107 hid\u017cab na lotnisku w Toronto"},"content":{"rendered":"<p>Kazi Amin, mieszkanka Winnipeg, zabra\u0142a g\u0142os po incydencie na lotnisku Pearson w Toronto, gdzie \u2013 jak twierdzi \u2013 zmuszono j\u0105 do zdj\u0119cia hid\u017cabu, gdy pr\u00f3bowa\u0142a wej\u015b\u0107 na pok\u0142ad samolotu linii Flair Airlines.<\/p>\n<p>Amin wraca\u0142a z Bangladeszu, gdzie by\u0142a z m\u0119\u017cem i dzie\u0107mi z wizyt\u0105 u rodziny. Po przesiadce w Toronto przesz\u0142a odpraw\u0119 celn\u0105, ale przy bramce zosta\u0142a zatrzymana przez cz\u0142onka personelu. \u201eZabrano mi paszport, spojrzano na mnie i powiedziano, \u017ce moja twarz nie odpowiada zdj\u0119ciu, wi\u0119c musz\u0119 zdj\u0105\u0107 hid\u017cab\u201d \u2013 relacjonuje kobieta.<\/p>\n<p>Hid\u017cab, b\u0119d\u0105cy elementem religijnego stroju niekt\u00f3rych muzu\u0142manek, jest dla Amin symbolem wiary. Mimo \u017ce wraz z m\u0119\u017cem t\u0142umaczy\u0142a, i\u017c zdejmowanie go publicznie jest sprzeczne z ich przekonaniami religijnymi, obs\u0142uga lotu mia\u0142a zignorowa\u0107 ich protesty. \u201ePoczu\u0142am si\u0119 poni\u017cona i bezradna\u201d \u2013 m\u00f3wi Amin. Doda\u0142a, \u017ce zgodnie z jej wiar\u0105 hid\u017cab mo\u017cna zdj\u0105\u0107 tylko w obecno\u015bci bliskiej rodziny.<\/p>\n<p>Jej paszport zosta\u0142 wystawiony w 2016 roku, zanim zacz\u0119\u0142a nosi\u0107 hid\u017cab. Jak twierdzi, linia lotnicza kaza\u0142a jej odkry\u0107 w\u0142osy, poniewa\u017c fryzura na zdj\u0119ciu wygl\u0105da\u0142a inaczej. Jej c\u00f3rka, Afsara Raidah, podwa\u017cy\u0142a sens takiego uzasadnienia. \u201eJa mam teraz blond w\u0142osy, ale mog\u0119 wr\u00f3ci\u0107 do ciemnych. Czy to znaczy, \u017ce b\u0119d\u0105 mi kaza\u0107 je przefarbowa\u0107 przed lotem?\u201d \u2013 pyta.<\/p>\n<p>Do sytuacji dosz\u0142o mimo faktu, \u017ce Amin przesz\u0142a ju\u017c kontrole bezpiecze\u0144stwa i celn\u0105. Jak podaje strona internetowa Canadian Air Transport Security Authority, pasa\u017cerowie nie s\u0105 zobowi\u0105zani do zdejmowania religijnych nakry\u0107 g\u0142owy, chyba \u017ce urz\u0105dzenia wykryj\u0105 nieprawid\u0142owo\u015bci. Je\u015bli zachodzi potrzeba dodatkowej kontroli, powinna ona zosta\u0107 przeprowadzona w osobnym, prywatnym pomieszczeniu \u2013 czego, jak twierdzi Amin, nie jej zaoferowano.<\/p>\n<p>Flair Airlines przekaza\u0142o, \u017ce pracownik zaanga\u017cowany w incydent przebywa obecnie na urlopie, a ca\u0142e zaj\u015bcie jest przedmiotem wewn\u0119trznego dochodzenia. Dodano, \u017ce osoba ta by\u0142a zatrudniona przez firm\u0119 AGI, czyli partnera obs\u0142ugi naziemnej linii.<\/p>\n<p>\u201eOczekujemy, \u017ce wszystkie podmioty wsp\u00f3\u0142pracuj\u0105ce z nami b\u0119d\u0105 przestrzega\u0107 tych samych standard\u00f3w szacunku i braku dyskryminacji, co nasz personel\u201d \u2013 powiedzia\u0142 w o\u015bwiadczeniu\u00a0 dyrektor generalny Flair, Maciej Wilk. AGI wystosowa\u0142o oficjalne przeprosiny wobec pasa\u017cerki.<\/p>\n<p>Raidah uzna\u0142a jednak te przeprosiny za og\u00f3lnikowe i niewystarczaj\u0105ce. Udost\u0119pni\u0142a ich tre\u015b\u0107 w mediach spo\u0142eczno\u015bciowych, wskazuj\u0105c, \u017ce powinny by\u0107 bezpo\u015brednio skierowane do jej matki. Zauwa\u017cy\u0142a te\u017c, \u017ce podobne sytuacje spotykaj\u0105 nie tylko muzu\u0142manki i \u017ce potrzebne s\u0105 lepsze szkolenia dla pracownik\u00f3w linii lotniczych.<\/p>\n<p>\u201ePersonel powinien zna\u0107 protoko\u0142y Transport Canada i stosowa\u0107 si\u0119 do zasad etycznych\u201d \u2013 powiedzia\u0142a Raidah. Poinformowa\u0142a r\u00f3wnie\u017c, \u017ce konsultuje si\u0119 z prawnikiem w sprawie ewentualnego pozwu przeciwko Flair Airlines.<\/p>\n","protected":false},"excerpt":{"rendered":"<p>Kazi Amin, mieszkanka Winnipeg, zabra\u0142a g\u0142os po incydencie na lotnisku Pearson w Toronto, gdzie \u2013 jak twierdzi \u2013 zmuszono j\u0105 do zdj\u0119cia hid\u017cabu, gdy pr\u00f3bowa\u0142a&hellip;<\/p>\n","protected":false},"author":3,"featured_media":2230,"comment_status":"open","ping_status":"open","sticky":false,"template":"","format":"standard","meta":{"footnotes":""},"categories":[12,18],"tags":[],"class_list":["post-2229","post","type-post","status-publish","format-standard","has-post-thumbnail","hentry","category-kanada","category-top-news"],"_links":{"self":[{"href":"https:\/\/radiopoloniawinnipeg.com\/index.php\/wp-json\/wp\/v2\/posts\/2229","targetHints":{"allow":["GET"]}}],"collection":[{"href":"https:\/\/radiopoloniawinnipeg.com\/index.php\/wp-json\/wp\/v2\/posts"}],"about":[{"href":"https:\/\/radiopoloniawinnipeg.com\/index.php\/wp-json\/wp\/v2\/types\/post"}],"author":[{"embeddable":true,"href":"https:\/\/radiopoloniawinnipeg.com\/index.php\/wp-json\/wp\/v2\/users\/3"}],"replies":[{"embeddable":true,"href":"https:\/\/radiopoloniawinnipeg.com\/index.php\/wp-json\/wp\/v2\/comments?post=2229"}],"version-history":[{"count":0,"href":"https:\/\/radiopoloniawinnipeg.com\/index.php\/wp-json\/wp\/v2\/posts\/2229\/revisions"}],"wp:featuredmedia":[{"embeddable":true,"href":"https:\/\/radiopoloniawinnipeg.com\/index.php\/wp-json\/wp\/v2\/media\/2230"}],"wp:attachment":[{"href":"https:\/\/radiopoloniawinnipeg.com\/index.php\/wp-json\/wp\/v2\/media?parent=2229"}],"wp:term":[{"taxonomy":"category","embeddable":true,"href":"https:\/\/radiopoloniawinnipeg.com\/index.php\/wp-json\/wp\/v2\/categories?post=2229"},{"taxonomy":"post_tag","embeddable":true,"href":"https:\/\/radiopoloniawinnipeg.com\/index.php\/wp-json\/wp\/v2\/tags?post=2229"}],"curies":[{"name":"wp","href":"https:\/\/api.w.org\/{rel}","templated":true}]}}