{"id":2231,"date":"2025-06-26T14:15:04","date_gmt":"2025-06-26T18:15:04","guid":{"rendered":"https:\/\/radiopoloniawinnipeg.com\/index.php\/2025\/06\/26\/protesty-zmusily-jeffa-bezosa-do-zmiany-miejsca-slubu-w-wenecji-powodem-grozba-nadmuchiwanych-krokodyli\/"},"modified":"2025-06-26T14:15:04","modified_gmt":"2025-06-26T18:15:04","slug":"protesty-zmusily-jeffa-bezosa-do-zmiany-miejsca-slubu-w-wenecji-powodem-grozba-nadmuchiwanych-krokodyli","status":"publish","type":"post","link":"https:\/\/radiopoloniawinnipeg.com\/index.php\/2025\/06\/26\/protesty-zmusily-jeffa-bezosa-do-zmiany-miejsca-slubu-w-wenecji-powodem-grozba-nadmuchiwanych-krokodyli\/","title":{"rendered":"Protesty zmusi\u0142y Jeffa Bezosa do zmiany miejsca \u015blubu w Wenecji \u2013 powodem gro\u017aba \u201enadmuchiwanych krokodyli\u201d"},"content":{"rendered":"<p>Wed\u0142ug informacji \u201eThe Guardian\u201d, Jeff Bezos, wsp\u00f3\u0142za\u0142o\u017cyciel Amazona, musia\u0142 w ostatniej chwili zmieni\u0107 lokalizacj\u0119 swojego \u015blubu we w\u0142oskiej Wenecji z powodu planowanych protest\u00f3w. Grupy aktywist\u00f3w zapowiedzia\u0142y bowiem, \u017ce zablokuj\u0105 kana\u0142y wodne wok\u00f3\u0142 pierwotnie wybranego miejsca&#8230; przy pomocy dmuchanych krokodyli.<\/p>\n<p>Bezos i jego narzeczona, by\u0142a dziennikarka Lauren Sanchez, planowali urz\u0105dzi\u0107 wesele w historycznym budynku Scuola Grande della Misericordia, si\u0119gaj\u0105cym XIV wieku. Jednak z uwagi na protesty i wzgl\u0119dy bezpiecze\u0144stwa, zdecydowano si\u0119 na zmian\u0119 miejsca.<\/p>\n<p>W\u015br\u00f3d przyczyn zmiany wymienia si\u0119 r\u00f3wnie\u017c napi\u0119t\u0105 sytuacj\u0119 geopolityczn\u0105 po ameryka\u0144skich nalotach na Iran oraz obecno\u015b\u0107 Ivanki Trump, c\u00f3rki by\u0142ego prezydenta USA, kt\u00f3ra przylecia\u0142a do Wenecji na uroczysto\u015bci.<\/p>\n<p>W\u0142adze miasta, wed\u0142ug \u201eThe Guardian\u201d, wzmocni\u0142y \u015brodki bezpiecze\u0144stwa, zw\u0142aszcza w rejonie dawnej dzielnicy \u017cydowskiej.<\/p>\n<p>Cho\u0107 aktywi\u015bci zapewnili, \u017ce nie zamierzaj\u0105 fizycznie przeszkadza\u0107 w \u015blubie, zapowiedzieli manifestacj\u0119. Jeden z protestuj\u0105cych powiedzia\u0142, \u017ce samo przeniesienie wydarzenia to dla nich sukces. \u201eAkcja z krokodylami mog\u0142aby zepsu\u0107 wizerunek miasta \u2013 dlatego lokalizacja zosta\u0142a zmieniona, cho\u0107 oficjalnie podano inne powody\u201d \u2013 stwierdzi\u0142.<\/p>\n<p>Zamiast pierwotnej lokalizacji, para ma przyjmowa\u0107 go\u015bci w Arsenale di Venezia \u2013 dawnej stoczni z czas\u00f3w Republiki Weneckiej, dzi\u015b przekszta\u0142conej w przestrze\u0144 wystawiennicz\u0105, znan\u0105 m.in. z Biennale sztuki. Obiekt znajduje si\u0119 w dzielnicy Castello i jest dost\u0119pny jedynie drog\u0105 wodn\u0105. Po podniesieniu most\u00f3w, teren staje si\u0119 odizolowany od reszty miasta.<\/p>\n<p>Od d\u0142u\u017cszego czasu cz\u0119\u015b\u0107 lokalnych mieszka\u0144c\u00f3w oraz organizacje ekologiczne i spo\u0142eczne \u2013 m.in. Greenpeace Italia i brytyjska grupa Everyone Hates Elon \u2013 protestuj\u0105 przeciwko zamienianiu Wenecji w prywatne t\u0142o luksusowych imprez dla milioner\u00f3w. Has\u0142em kampanii jest: \u201eNie ma miejsca dla Bezosa\u201d.<\/p>\n<p>Aktywi\u015bci zwracaj\u0105 uwag\u0119 na problemy spo\u0142eczne i klimatyczne, jakie \u2013 ich zdaniem \u2013 towarzysz\u0105 tego rodzaju wydarzeniom, gromadz\u0105cym celebryt\u00f3w i elity z ca\u0142ego \u015bwiata.<\/p>\n<p>Cho\u0107 dok\u0142adny termin i miejsce ceremonii trzymane s\u0105 w tajemnicy, media podaj\u0105, \u017ce uroczysto\u015bci potrwaj\u0105 od czwartku do soboty. Oko\u0142o 200 go\u015bci ma przylecie\u0107 do Wenecji prawie setk\u0105 prywatnych odrzutowc\u00f3w. W\u015br\u00f3d zaproszonych maj\u0105 si\u0119 znale\u017a\u0107 m.in. Kim Kardashian, Katy Perry, Oprah Winfrey i Elon Musk.<\/p>\n<p>Nieoficjalnie m\u00f3wi si\u0119, \u017ce przysi\u0119ga ma\u0142\u017ce\u0144ska zostanie z\u0142o\u017cona w pi\u0105tek na terenie Fundacji Cini na wyspie San Giorgio Maggiore.<\/p>\n<p>Wenecja s\u0142ynie z organizacji \u015blub\u00f3w celebryt\u00f3w \u2013 jednym z najbardziej znanych by\u0142a ceremonia George\u2019a i Amal Clooney\u00f3w w 2014 roku. Miasto ka\u017cdego roku przyci\u0105ga ok. 20 milion\u00f3w turyst\u00f3w, a jego unikalna architektura i sie\u0107 kana\u0142\u00f3w czyni\u0105 je popularnym miejscem luksusowych wydarze\u0144.<\/p>\n<p>Burmistrz Wenecji Luigi Brugnaro w marcu zapewnia\u0142, \u017ce miasto jest przygotowane do organizacji \u015blubu Bezosa i Sanchez. \u201eWspieramy organizator\u00f3w, dbaj\u0105c o to, by uroczysto\u015bci odby\u0142y si\u0119 z poszanowaniem delikatnego charakteru Wenecji\u201d \u2013 powiedzia\u0142 magazynowi \u201ePeople\u201d.<\/p>\n<p>W ostatnich dniach w internecie pojawi\u0142 si\u0119 fragment zaproszenia \u015blubnego, w kt\u00f3rym para prosi go\u015bci, by nie przynosili prezent\u00f3w. Zamiast tego zapowiedzia\u0142a przekazanie darowizn na rzecz organizacji dzia\u0142aj\u0105cych na rzecz ochrony Wenecji \u2013 UNESCO, lokalnej fundacji CORILA oraz Mi\u0119dzynarodowego Uniwersytetu w Wenecji.<\/p>\n","protected":false},"excerpt":{"rendered":"<p>Wed\u0142ug informacji \u201eThe Guardian\u201d, Jeff Bezos, wsp\u00f3\u0142za\u0142o\u017cyciel Amazona, musia\u0142 w ostatniej chwili zmieni\u0107 lokalizacj\u0119 swojego \u015blubu we w\u0142oskiej Wenecji z powodu planowanych protest\u00f3w. Grupy aktywist\u00f3w&hellip;<\/p>\n","protected":false},"author":3,"featured_media":2232,"comment_status":"open","ping_status":"open","sticky":false,"template":"","format":"standard","meta":{"footnotes":""},"categories":[15,18],"tags":[],"class_list":["post-2231","post","type-post","status-publish","format-standard","has-post-thumbnail","hentry","category-swiat","category-top-news"],"_links":{"self":[{"href":"https:\/\/radiopoloniawinnipeg.com\/index.php\/wp-json\/wp\/v2\/posts\/2231","targetHints":{"allow":["GET"]}}],"collection":[{"href":"https:\/\/radiopoloniawinnipeg.com\/index.php\/wp-json\/wp\/v2\/posts"}],"about":[{"href":"https:\/\/radiopoloniawinnipeg.com\/index.php\/wp-json\/wp\/v2\/types\/post"}],"author":[{"embeddable":true,"href":"https:\/\/radiopoloniawinnipeg.com\/index.php\/wp-json\/wp\/v2\/users\/3"}],"replies":[{"embeddable":true,"href":"https:\/\/radiopoloniawinnipeg.com\/index.php\/wp-json\/wp\/v2\/comments?post=2231"}],"version-history":[{"count":0,"href":"https:\/\/radiopoloniawinnipeg.com\/index.php\/wp-json\/wp\/v2\/posts\/2231\/revisions"}],"wp:featuredmedia":[{"embeddable":true,"href":"https:\/\/radiopoloniawinnipeg.com\/index.php\/wp-json\/wp\/v2\/media\/2232"}],"wp:attachment":[{"href":"https:\/\/radiopoloniawinnipeg.com\/index.php\/wp-json\/wp\/v2\/media?parent=2231"}],"wp:term":[{"taxonomy":"category","embeddable":true,"href":"https:\/\/radiopoloniawinnipeg.com\/index.php\/wp-json\/wp\/v2\/categories?post=2231"},{"taxonomy":"post_tag","embeddable":true,"href":"https:\/\/radiopoloniawinnipeg.com\/index.php\/wp-json\/wp\/v2\/tags?post=2231"}],"curies":[{"name":"wp","href":"https:\/\/api.w.org\/{rel}","templated":true}]}}