{"id":2239,"date":"2025-06-27T07:30:07","date_gmt":"2025-06-27T11:30:07","guid":{"rendered":"https:\/\/radiopoloniawinnipeg.com\/index.php\/2025\/06\/27\/nerwowo-przed-sadem-najwyzszym\/"},"modified":"2025-06-27T07:30:07","modified_gmt":"2025-06-27T11:30:07","slug":"nerwowo-przed-sadem-najwyzszym","status":"publish","type":"post","link":"https:\/\/radiopoloniawinnipeg.com\/index.php\/2025\/06\/27\/nerwowo-przed-sadem-najwyzszym\/","title":{"rendered":"Nerwowo przed S\u0105dem Najwy\u017cszym"},"content":{"rendered":"<p><img decoding=\"async\" loading=\"lazy\" class=\"aligncenter size-custom-full-size wp-image-216123\" src=\"https:\/\/bejsment.com\/wp-content\/uploads\/2025\/06\/aaprotest2-1-636x357.jpg\" alt=\"\" width=\"636\" height=\"357\" \/><\/p>\n<p><strong>W pi\u0105tek S\u0105d Najwy\u017cszy rozpoznaje na posiedzeniach jawnych trzy protesty przeciwko wa\u017cno\u015bci wybor\u00f3w prezydenckich. Wi\u0119kszo\u015b\u0107 tego typu spraw rozpatrywana jest na posiedzeniach niejawnych, jednak \u2013 jak podkre\u015blono w komunikacie \u2013 \u201ez wa\u017cnych przyczyn mog\u0105 one zosta\u0107 skierowane do rozpoznania w trybie jawnym, z udzia\u0142em stron post\u0119powania, medi\u00f3w i publiczno\u015bci\u201d.<\/strong><\/p>\n<p>Posiedzenia rozpocz\u0119\u0142y si\u0119 o godz. 9:00, 11:00 i 13:00. Dotycz\u0105 m.in. spraw, w kt\u00f3rych S\u0105d dopu\u015bci\u0142 dowody z ogl\u0119dzin kart wyborczych z 13 obwodowych komisji, w tym z Krakowa, Mi\u0144ska Mazowieckiego, Bielska-Bia\u0142ej i Grudzi\u0105dza.<\/p>\n<p>Przed siedzib\u0105 SN w Warszawie zebra\u0142 si\u0119 t\u0142um demonstrant\u00f3w, zar\u00f3wno zwolennik\u00f3w, jak i przeciwnik\u00f3w protest\u00f3w. W\u015br\u00f3d obecnych s\u0105 m.in. by\u0142y premier Mateusz Morawiecki i Robert B\u0105kiewicz, organizator Marszu Niepodleg\u0142o\u015bci, kt\u00f3ry na platformie X wezwa\u0142 \u201ewszystkich patriot\u00f3w\u201d do pojawienia si\u0119 pod budynkiem s\u0105du, twierdz\u0105c, \u017ce \u201eTusk i jego ekipa planuj\u0105 zamach stanu\u201d.<\/p>\n<p>Z kolei zwolennicy ponownego przeliczenia g\u0142os\u00f3w przynie\u015bli bia\u0142o-czerwone flagi i transparenty z has\u0142ami domagaj\u0105cymi si\u0119 wyja\u015bnienia nieprawid\u0142owo\u015bci.<\/p>\n<p>W czwartek S\u0105d Najwy\u017cszy otrzyma\u0142 protoko\u0142y ze wszystkich s\u0105d\u00f3w rejonowych, kt\u00f3re \u2013 zgodnie z decyzj\u0105 SN z 11 czerwca \u2013 dokona\u0142y przeliczenia g\u0142os\u00f3w oddanych w II turze wybor\u00f3w prezydenckich w 13 komisjach. Protoko\u0142y, w wersji zanonimizowanej, zosta\u0142y opublikowane na stronie internetowej SN. W niekt\u00f3rych przypadkach stwierdzono b\u0142\u0119dne przypisanie liczby g\u0142os\u00f3w kandydatom.<\/p>\n<p>W Krakowie, w komisji nr 95, Trzaskowskiemu omy\u0142kowo przypisano 540 g\u0142os\u00f3w, a Nawrockiemu 1132, cho\u0107 w rzeczywisto\u015bci by\u0142o odwrotnie. Podobna pomy\u0142ka wyst\u0105pi\u0142a w komisji nr 25 w Grudzi\u0105dzu. W Ole\u015bnie komisja nr 3 b\u0142\u0119dnie przypisa\u0142a po jednym g\u0142osie za du\u017co i za ma\u0142o. W Tarnowie (komisja nr 10) przeliczenie potwierdzi\u0142o wcze\u015bniejsze dane.<\/p>\n<p>S\u0105d Najwy\u017cszy podkre\u015bli\u0142, \u017ce podobne incydentalne b\u0142\u0119dy zdarza\u0142y si\u0119 ju\u017c wcze\u015bniej \u2013 m.in. w 2010 roku podczas II tury wybor\u00f3w prezydenckich, kiedy w jednym z protest\u00f3w wykazano b\u0142\u0119dne przypisanie g\u0142os\u00f3w w komisji nr 759 w Warszawie.<\/p>\n<p style=\"text-align: right\"><em>Na podst. Polsat News<\/em><\/p>\n","protected":false},"excerpt":{"rendered":"<p>W pi\u0105tek S\u0105d Najwy\u017cszy rozpoznaje na posiedzeniach jawnych trzy protesty przeciwko wa\u017cno\u015bci wybor\u00f3w prezydenckich. Wi\u0119kszo\u015b\u0107 tego typu spraw rozpatrywana jest na posiedzeniach niejawnych, jednak \u2013&hellip;<\/p>\n","protected":false},"author":3,"featured_media":2240,"comment_status":"open","ping_status":"open","sticky":false,"template":"","format":"standard","meta":{"footnotes":""},"categories":[14,18],"tags":[],"class_list":["post-2239","post","type-post","status-publish","format-standard","has-post-thumbnail","hentry","category-polska","category-top-news"],"_links":{"self":[{"href":"https:\/\/radiopoloniawinnipeg.com\/index.php\/wp-json\/wp\/v2\/posts\/2239","targetHints":{"allow":["GET"]}}],"collection":[{"href":"https:\/\/radiopoloniawinnipeg.com\/index.php\/wp-json\/wp\/v2\/posts"}],"about":[{"href":"https:\/\/radiopoloniawinnipeg.com\/index.php\/wp-json\/wp\/v2\/types\/post"}],"author":[{"embeddable":true,"href":"https:\/\/radiopoloniawinnipeg.com\/index.php\/wp-json\/wp\/v2\/users\/3"}],"replies":[{"embeddable":true,"href":"https:\/\/radiopoloniawinnipeg.com\/index.php\/wp-json\/wp\/v2\/comments?post=2239"}],"version-history":[{"count":0,"href":"https:\/\/radiopoloniawinnipeg.com\/index.php\/wp-json\/wp\/v2\/posts\/2239\/revisions"}],"wp:featuredmedia":[{"embeddable":true,"href":"https:\/\/radiopoloniawinnipeg.com\/index.php\/wp-json\/wp\/v2\/media\/2240"}],"wp:attachment":[{"href":"https:\/\/radiopoloniawinnipeg.com\/index.php\/wp-json\/wp\/v2\/media?parent=2239"}],"wp:term":[{"taxonomy":"category","embeddable":true,"href":"https:\/\/radiopoloniawinnipeg.com\/index.php\/wp-json\/wp\/v2\/categories?post=2239"},{"taxonomy":"post_tag","embeddable":true,"href":"https:\/\/radiopoloniawinnipeg.com\/index.php\/wp-json\/wp\/v2\/tags?post=2239"}],"curies":[{"name":"wp","href":"https:\/\/api.w.org\/{rel}","templated":true}]}}