{"id":2243,"date":"2025-06-27T10:30:06","date_gmt":"2025-06-27T14:30:06","guid":{"rendered":"https:\/\/radiopoloniawinnipeg.com\/index.php\/2025\/06\/27\/czy-holownia-odda-fotel-marszalka\/"},"modified":"2025-06-27T10:30:06","modified_gmt":"2025-06-27T14:30:06","slug":"czy-holownia-odda-fotel-marszalka","status":"publish","type":"post","link":"https:\/\/radiopoloniawinnipeg.com\/index.php\/2025\/06\/27\/czy-holownia-odda-fotel-marszalka\/","title":{"rendered":"Czy Ho\u0142ownia odda fotel marsza\u0142ka?"},"content":{"rendered":"<p>&nbsp;<\/p>\n<p><img decoding=\"async\" loading=\"lazy\" class=\"aligncenter size-custom-full-size wp-image-216140\" src=\"https:\/\/bejsment.com\/wp-content\/uploads\/2025\/06\/aaholownia3-636x358.jpg\" alt=\"\" width=\"636\" height=\"358\" \/><\/p>\n<p><strong>Zaostrza si\u0119 konflikt wewn\u0105trz koalicji rz\u0105dz\u0105cej w sprawie planowanej na listopad zmiany na stanowisku marsza\u0142ka Sejmu. Wed\u0142ug zapis\u00f3w umowy koalicyjnej, urz\u0105d ten ma przej\u0105\u0107 W\u0142odzimierz Czarzasty z Lewicy, zast\u0119puj\u0105c Szymona Ho\u0142owni\u0119. Jednak coraz cz\u0119\u015bciej ze strony polityk\u00f3w Polski 2050 i PSL s\u0142ycha\u0107 g\u0142osy sugeruj\u0105ce, \u017ce zmiana ta nie jest pilna, a nowy marsza\u0142ek b\u0119dzie musia\u0142 zdoby\u0107 wi\u0119kszo\u015b\u0107 g\u0142os\u00f3w w Sejmie.<\/strong><\/p>\n<h3><strong>Co w zamian?<\/strong><\/h3>\n<p>\u2013 Je\u017celi Lewica chce marsza\u0142ka, to musi odda\u0107 fotel wicepremiera. Klub 21-poselski nie mo\u017ce mie\u0107 i marsza\u0142ka, i wicepremiera, podczas gdy klub 32-poselski nie ma \u017cadnego z tych stanowisk \u2013 stwierdzi\u0142a Katarzyna Pe\u0142czy\u0144ska-Na\u0142\u0119cz w Radiu ZET. Doda\u0142a, \u017ce si\u0142a sprawcza w rz\u0105dzie powinna odpowiada\u0107 poparciu spo\u0142ecznemu.<\/p>\n<p>Jej wypowied\u017a wywo\u0142a\u0142a ostr\u0105 reakcj\u0119 Anny Marii \u017bukowskiej z Lewicy.<\/p>\n<p>\u2013 Ot\u00f3\u017c: mo\u017ce. Bo bez naszego klubu Szymon Ho\u0142ownia nie zosta\u0142by marsza\u0142kiem, a Donald Tusk premierem \u2013 napisa\u0142a na platformie X. Zaapelowa\u0142a te\u017c, by Polska 2050 dotrzyma\u0142a zobowi\u0105za\u0144 wobec koalicjant\u00f3w.<\/p>\n<p>\u2013 Nie mam nic przeciwko temu, \u017ceby zosta\u0142a Pani wicepremierk\u0105, ale od naszych stanowisk prosz\u0119 si\u0119 odstosunkowa\u0107, bo nie jest Pani nawet pos\u0142ank\u0105 \u2013 doda\u0142a \u017bukowska.<\/p>\n<h3><strong>Motyka: Ho\u0142ownia odda stanowisko. \u201ePacta sunt servanda\u201d<\/strong><\/h3>\n<p>W obronie umowy koalicyjnej wyst\u0105pi\u0142 rzecznik PSL Mi\u0142osz Motyka. W programie \u201eDebata Gozdyry\u201d zapewni\u0142, \u017ce Szymon Ho\u0142ownia, zgodnie z ustaleniami, odda fotel marsza\u0142ka 13 listopada. \u2013 <em>Pacta sunt servanda<\/em> \u2013 powiedzia\u0142. Dopytywany, czy Ho\u0142ownia wejdzie w zamian do rz\u0105du, odpar\u0142: \u2013 <em>Tu bym si\u0119 nie za\u0142o\u017cy\u0142<\/em>.<\/p>\n<p>Wcze\u015bniej g\u0142os zabra\u0142 r\u00f3wnie\u017c wicepremier i lider PSL W\u0142adys\u0142aw Kosiniak-Kamysz. Jego zdaniem Ho\u0142ownia powinien po ust\u0105pieniu wej\u015b\u0107 do rz\u0105du.<\/p>\n<p>\u2013 Najlepiej, by wszyscy liderzy partii tworz\u0105cych koalicj\u0119 byli w rz\u0105dzie. To klarowna struktura odpowiedzialno\u015bci \u2013 m\u00f3wi\u0142. Doda\u0142, \u017ce Ho\u0142ownia m\u00f3g\u0142by zosta\u0107 wicepremierem i szefem jednego z resort\u00f3w.<\/p>\n<h3><strong>Ho\u0142ownia: nie wejd\u0119 do rz\u0105du<\/strong><\/h3>\n<p>Sam Ho\u0142ownia wielokrotnie podkre\u015bla\u0142, \u017ce nie zamierza wchodzi\u0107 do rz\u0105du ani pe\u0142ni\u0107 funkcji wicemarsza\u0142ka. \u2013 Po zrealizowaniu zapis\u00f3w umowy koalicyjnej zostan\u0119 wolnym politycznym elektronem, pos\u0142em RP \u2013 m\u00f3wi\u0142 po jednym z czerwcowych spotka\u0144 lider\u00f3w koalicji.<\/p>\n<h3><strong>Tusk szykuje rekonstrukcj\u0119<\/strong><\/h3>\n<p>W nadchodz\u0105cym tygodniu premier Donald Tusk ma przedstawi\u0107 liderom koalicji zarys zmian w strukturze rz\u0105du. Rekonstrukcja zosta\u0142a zapowiedziana na lipiec i obejmie nowy podzia\u0142 kompetencji oraz \u201enowe twarze\u201d w sk\u0142adzie Rady Ministr\u00f3w. Tusk zapowiedzia\u0142 j\u0105 ju\u017c w swoim expose 11 czerwca. Ustalono r\u00f3wnie\u017c, \u017ce liderzy b\u0119d\u0105 spotyka\u0107 si\u0119 przy okazji ka\u017cdego posiedzenia Sejmu.<\/p>\n<p style=\"text-align: right\"><em>Na podst. Polsat News<\/em><\/p>\n","protected":false},"excerpt":{"rendered":"<p>&nbsp; Zaostrza si\u0119 konflikt wewn\u0105trz koalicji rz\u0105dz\u0105cej w sprawie planowanej na listopad zmiany na stanowisku marsza\u0142ka Sejmu. Wed\u0142ug zapis\u00f3w umowy koalicyjnej, urz\u0105d ten ma przej\u0105\u0107&hellip;<\/p>\n","protected":false},"author":3,"featured_media":2244,"comment_status":"open","ping_status":"open","sticky":false,"template":"","format":"standard","meta":{"footnotes":""},"categories":[14,18],"tags":[],"class_list":["post-2243","post","type-post","status-publish","format-standard","has-post-thumbnail","hentry","category-polska","category-top-news"],"_links":{"self":[{"href":"https:\/\/radiopoloniawinnipeg.com\/index.php\/wp-json\/wp\/v2\/posts\/2243","targetHints":{"allow":["GET"]}}],"collection":[{"href":"https:\/\/radiopoloniawinnipeg.com\/index.php\/wp-json\/wp\/v2\/posts"}],"about":[{"href":"https:\/\/radiopoloniawinnipeg.com\/index.php\/wp-json\/wp\/v2\/types\/post"}],"author":[{"embeddable":true,"href":"https:\/\/radiopoloniawinnipeg.com\/index.php\/wp-json\/wp\/v2\/users\/3"}],"replies":[{"embeddable":true,"href":"https:\/\/radiopoloniawinnipeg.com\/index.php\/wp-json\/wp\/v2\/comments?post=2243"}],"version-history":[{"count":0,"href":"https:\/\/radiopoloniawinnipeg.com\/index.php\/wp-json\/wp\/v2\/posts\/2243\/revisions"}],"wp:featuredmedia":[{"embeddable":true,"href":"https:\/\/radiopoloniawinnipeg.com\/index.php\/wp-json\/wp\/v2\/media\/2244"}],"wp:attachment":[{"href":"https:\/\/radiopoloniawinnipeg.com\/index.php\/wp-json\/wp\/v2\/media?parent=2243"}],"wp:term":[{"taxonomy":"category","embeddable":true,"href":"https:\/\/radiopoloniawinnipeg.com\/index.php\/wp-json\/wp\/v2\/categories?post=2243"},{"taxonomy":"post_tag","embeddable":true,"href":"https:\/\/radiopoloniawinnipeg.com\/index.php\/wp-json\/wp\/v2\/tags?post=2243"}],"curies":[{"name":"wp","href":"https:\/\/api.w.org\/{rel}","templated":true}]}}