{"id":2249,"date":"2025-06-27T14:30:06","date_gmt":"2025-06-27T18:30:06","guid":{"rendered":"https:\/\/radiopoloniawinnipeg.com\/index.php\/2025\/06\/27\/polityka-bez-cenzury-prezydent-andrzej-duda-napisal-ksiazke\/"},"modified":"2025-06-27T14:30:06","modified_gmt":"2025-06-27T18:30:06","slug":"polityka-bez-cenzury-prezydent-andrzej-duda-napisal-ksiazke","status":"publish","type":"post","link":"https:\/\/radiopoloniawinnipeg.com\/index.php\/2025\/06\/27\/polityka-bez-cenzury-prezydent-andrzej-duda-napisal-ksiazke\/","title":{"rendered":"Polityka bez cenzury. Prezydent Andrzej Duda napisa\u0142 ksi\u0105\u017ck\u0119"},"content":{"rendered":"<p><img decoding=\"async\" loading=\"lazy\" class=\"aligncenter size-custom-full-size wp-image-216154\" src=\"https:\/\/bejsment.com\/wp-content\/uploads\/2025\/06\/aaduda-1-636x478.jpg\" alt=\"\" width=\"636\" height=\"478\" \/><\/p>\n<p><strong>Prezydent Andrzej Duda og\u0142osi\u0142, \u017ce napisa\u0142 ksi\u0105\u017ck\u0119, w kt\u00f3rej ujawnia nieznane dot\u0105d kulisy swojej prezydentury, w tym rozmowy z czo\u0142owymi politykami w kraju i za granic\u0105. Publikacja nosi tytu\u0142 \u201eTo ja \u2013 Andrzej Duda\u201d i \u2013 jak zapowiada autor \u2013 ma by\u0107 osobist\u0105 i szczer\u0105 opowie\u015bci\u0105 o jego \u017cyciu oraz pe\u0142nieniu najwy\u017cszego urz\u0119du w pa\u0144stwie.<\/strong><\/p>\n<p>\u2013 <em>Napisa\u0142em ksi\u0105\u017ck\u0119!<\/em> \u2013 poinformowa\u0142 Duda w pi\u0105tek, 27 czerwca, na platformie X. Na dedykowanej stronie internetowej mo\u017cna ju\u017c zam\u00f3wi\u0107 egzemplarz i zapozna\u0107 si\u0119 z wybranymi fragmentami.<\/p>\n<blockquote class=\"twitter-tweet\" data-width=\"550\" data-dnt=\"true\">\n<p lang=\"pl\" dir=\"ltr\">Napisa\u0142em ksi\u0105\u017ck\u0119! <\/p>\n","protected":false},"excerpt":{"rendered":"<p>Prezydent Andrzej Duda og\u0142osi\u0142, \u017ce napisa\u0142 ksi\u0105\u017ck\u0119, w kt\u00f3rej ujawnia nieznane dot\u0105d kulisy swojej prezydentury, w tym rozmowy z czo\u0142owymi politykami w kraju i za&hellip;<\/p>\n","protected":false},"author":3,"featured_media":2250,"comment_status":"open","ping_status":"open","sticky":false,"template":"","format":"standard","meta":{"footnotes":""},"categories":[14,18],"tags":[],"class_list":["post-2249","post","type-post","status-publish","format-standard","has-post-thumbnail","hentry","category-polska","category-top-news"],"_links":{"self":[{"href":"https:\/\/radiopoloniawinnipeg.com\/index.php\/wp-json\/wp\/v2\/posts\/2249","targetHints":{"allow":["GET"]}}],"collection":[{"href":"https:\/\/radiopoloniawinnipeg.com\/index.php\/wp-json\/wp\/v2\/posts"}],"about":[{"href":"https:\/\/radiopoloniawinnipeg.com\/index.php\/wp-json\/wp\/v2\/types\/post"}],"author":[{"embeddable":true,"href":"https:\/\/radiopoloniawinnipeg.com\/index.php\/wp-json\/wp\/v2\/users\/3"}],"replies":[{"embeddable":true,"href":"https:\/\/radiopoloniawinnipeg.com\/index.php\/wp-json\/wp\/v2\/comments?post=2249"}],"version-history":[{"count":0,"href":"https:\/\/radiopoloniawinnipeg.com\/index.php\/wp-json\/wp\/v2\/posts\/2249\/revisions"}],"wp:featuredmedia":[{"embeddable":true,"href":"https:\/\/radiopoloniawinnipeg.com\/index.php\/wp-json\/wp\/v2\/media\/2250"}],"wp:attachment":[{"href":"https:\/\/radiopoloniawinnipeg.com\/index.php\/wp-json\/wp\/v2\/media?parent=2249"}],"wp:term":[{"taxonomy":"category","embeddable":true,"href":"https:\/\/radiopoloniawinnipeg.com\/index.php\/wp-json\/wp\/v2\/categories?post=2249"},{"taxonomy":"post_tag","embeddable":true,"href":"https:\/\/radiopoloniawinnipeg.com\/index.php\/wp-json\/wp\/v2\/tags?post=2249"}],"curies":[{"name":"wp","href":"https:\/\/api.w.org\/{rel}","templated":true}]}}