{"id":2275,"date":"2025-06-28T14:30:06","date_gmt":"2025-06-28T18:30:06","guid":{"rendered":"https:\/\/radiopoloniawinnipeg.com\/index.php\/2025\/06\/28\/kaczynski-zostaje-pis-szykuje-zmiane-pokoleniowa\/"},"modified":"2025-06-28T14:30:06","modified_gmt":"2025-06-28T18:30:06","slug":"kaczynski-zostaje-pis-szykuje-zmiane-pokoleniowa","status":"publish","type":"post","link":"https:\/\/radiopoloniawinnipeg.com\/index.php\/2025\/06\/28\/kaczynski-zostaje-pis-szykuje-zmiane-pokoleniowa\/","title":{"rendered":"Kaczy\u0144ski zostaje. PiS szykuje zmian\u0119 pokoleniow\u0105"},"content":{"rendered":"<div id=\"attachment_216267\" style=\"width: 646px\" class=\"wp-caption aligncenter\"><img decoding=\"async\" loading=\"lazy\" aria-describedby=\"caption-attachment-216267\" class=\"size-custom-full-size wp-image-216267\" src=\"https:\/\/bejsment.com\/wp-content\/uploads\/2025\/06\/aakaczynski-636x424.jpg\" alt=\"\" width=\"636\" height=\"424\" \/><\/p>\n<p id=\"caption-attachment-216267\" class=\"wp-caption-text\">Jaros\u0142aw Kaczy\u0144ski<\/p>\n<\/div>\n<p><strong>W sobot\u0119 w Przysusze rozpocz\u0105\u0142 si\u0119 VII Kongres Prawa i Sprawiedliwo\u015bci. Podczas wydarzenia og\u0142oszono, \u017ce 76-letni Jaros\u0142aw Kaczy\u0144ski pozostanie prezesem partii. W swoim przem\u00f3wieniu podkre\u015bli\u0142, \u017ce PiS musi d\u0105\u017cy\u0107 do zdobycia ponad 40 proc. poparcia, a nie liczy\u0107 jedynie na ewentualn\u0105 wi\u0119kszo\u015b\u0107 z Konfederacj\u0105. <\/strong><\/p>\n<p>\u2013 Polska jest niszczona, a my musimy zbudowa\u0107 rz\u0105d najwy\u017cszej klasy \u2013 m\u00f3wi\u0142 lider PiS, ko\u0144cz\u0105c swoje wyst\u0105pienie s\u0142owami: \u201eNiech \u017cyje wolna Polska\u201d.<\/p>\n<h3><strong>Nowi ludzie w starych strukturach<\/strong><\/h3>\n<p>Jeszcze przed rozpocz\u0119ciem kongresu europose\u0142 Patryk Jaki zapowiedzia\u0142 zmiany kadrowe w kierownictwie partii. \u2013 B\u0119dzie zaci\u0105g z nowego pokolenia 30-latk\u00f3w i 40-latk\u00f3w \u2013 zapowiedzia\u0142 na antenie RMF FM. Jednocze\u015bnie podkre\u015bli\u0142, \u017ce Kaczy\u0144ski pozostaje gwarantem stabilno\u015bci i przyw\u00f3dztwa. \u2013 Jestem przekonany, \u017ce Jaros\u0142aw Kaczy\u0144ski kolejn\u0105 kadencj\u0119 b\u0119dzie prowadzi\u0142 najwi\u0119kszy ob\u00f3z polityczny w Polsce \u2013 powiedzia\u0142.<\/p>\n<p><img decoding=\"async\" loading=\"lazy\" class=\"aligncenter size-custom-full-size wp-image-216266\" src=\"https:\/\/bejsment.com\/wp-content\/uploads\/2025\/06\/aapis-636x360.jpg\" alt=\"\" width=\"636\" height=\"360\" \/><\/p>\n<p>Jaki zapewni\u0142, \u017ce PiS pozostaje w dobrej kondycji organizacyjnej i ideowej, wskazuj\u0105c na trafno\u015b\u0107 partyjnych diagnoz m.in. w sprawach migracji i bezpiecze\u0144stwa. Odni\u00f3s\u0142 si\u0119 r\u00f3wnie\u017c do politycznej przysz\u0142o\u015bci Przemys\u0142awa Czarnka, by\u0142ego ministra edukacji. \u2013 To du\u017cy zas\u00f3b naszej formacji \u2013 oceni\u0142. Jaki wyrazi\u0142 nadziej\u0119, \u017ce Czarnek znajdzie si\u0119 w nowym prezydium partii, nawet je\u015bli r\u00f3wnocze\u015bnie b\u0119dzie pracowa\u0142 w Kancelarii Prezydenta.<\/p>\n<h3><strong>Ho\u0142d dla zmar\u0142ych, brawa dla powracaj\u0105cych<\/strong><\/h3>\n<p>Podczas kongresu Kaczy\u0144ski uhonorowa\u0142 minut\u0105 ciszy zmar\u0142ych dzia\u0142aczy, w tym Barbar\u0119 Skrzypek \u2013 swoj\u0105 wieloletni\u0105 wsp\u00f3\u0142pracowniczk\u0119, kt\u00f3ra zmar\u0142a w marcu na zawa\u0142, kilka dni po przes\u0142uchaniu w prokuraturze w sprawie sp\u00f3\u0142ki Srebrna. Politycy PiS sugeruj\u0105 zwi\u0105zek mi\u0119dzy jej \u015bmierci\u0105 a dzia\u0142aniami obecnej w\u0142adzy. W sali obrad ustawiono portret Skrzypek z \u017ca\u0142obnym kirem.<\/p>\n<p>Kaczy\u0144ski wspomnia\u0142 te\u017c o Marku Suskim, kt\u00f3ry niedawno przeszed\u0142 zawa\u0142, ale wzi\u0105\u0142 udzia\u0142 w kongresie. \u2013 Takim ludziom trzeba bi\u0107 brawo \u2013 powiedzia\u0142 prezes, co spotka\u0142o si\u0119 z owacj\u0105 uczestnik\u00f3w.<\/p>\n<h3><strong>Rozbudowa partii i mobilizacja<\/strong><\/h3>\n<p>Lider PiS zapowiedzia\u0142 uproszczenie procesu przyjmowania nowych cz\u0142onk\u00f3w i poszerzanie struktur ugrupowania. \u2013 Musimy by\u0107 silniejsi ni\u017c kiedykolwiek \u2013 apelowa\u0142. Jak podkre\u015bli\u0142, celem jest zwyci\u0119stwo w kolejnych wyborach i samodzielna wi\u0119kszo\u015b\u0107 parlamentarna.<\/p>\n<p style=\"text-align: right\"><em>Na podst. Polsat News<\/em><\/p>\n","protected":false},"excerpt":{"rendered":"<p>Jaros\u0142aw Kaczy\u0144ski W sobot\u0119 w Przysusze rozpocz\u0105\u0142 si\u0119 VII Kongres Prawa i Sprawiedliwo\u015bci. Podczas wydarzenia og\u0142oszono, \u017ce 76-letni Jaros\u0142aw Kaczy\u0144ski pozostanie prezesem partii. W swoim&hellip;<\/p>\n","protected":false},"author":3,"featured_media":2276,"comment_status":"open","ping_status":"open","sticky":false,"template":"","format":"standard","meta":{"footnotes":""},"categories":[14,18],"tags":[],"class_list":["post-2275","post","type-post","status-publish","format-standard","has-post-thumbnail","hentry","category-polska","category-top-news"],"_links":{"self":[{"href":"https:\/\/radiopoloniawinnipeg.com\/index.php\/wp-json\/wp\/v2\/posts\/2275","targetHints":{"allow":["GET"]}}],"collection":[{"href":"https:\/\/radiopoloniawinnipeg.com\/index.php\/wp-json\/wp\/v2\/posts"}],"about":[{"href":"https:\/\/radiopoloniawinnipeg.com\/index.php\/wp-json\/wp\/v2\/types\/post"}],"author":[{"embeddable":true,"href":"https:\/\/radiopoloniawinnipeg.com\/index.php\/wp-json\/wp\/v2\/users\/3"}],"replies":[{"embeddable":true,"href":"https:\/\/radiopoloniawinnipeg.com\/index.php\/wp-json\/wp\/v2\/comments?post=2275"}],"version-history":[{"count":0,"href":"https:\/\/radiopoloniawinnipeg.com\/index.php\/wp-json\/wp\/v2\/posts\/2275\/revisions"}],"wp:featuredmedia":[{"embeddable":true,"href":"https:\/\/radiopoloniawinnipeg.com\/index.php\/wp-json\/wp\/v2\/media\/2276"}],"wp:attachment":[{"href":"https:\/\/radiopoloniawinnipeg.com\/index.php\/wp-json\/wp\/v2\/media?parent=2275"}],"wp:term":[{"taxonomy":"category","embeddable":true,"href":"https:\/\/radiopoloniawinnipeg.com\/index.php\/wp-json\/wp\/v2\/categories?post=2275"},{"taxonomy":"post_tag","embeddable":true,"href":"https:\/\/radiopoloniawinnipeg.com\/index.php\/wp-json\/wp\/v2\/tags?post=2275"}],"curies":[{"name":"wp","href":"https:\/\/api.w.org\/{rel}","templated":true}]}}