{"id":2291,"date":"2025-06-29T07:30:07","date_gmt":"2025-06-29T11:30:07","guid":{"rendered":"https:\/\/radiopoloniawinnipeg.com\/index.php\/2025\/06\/29\/spor-o-migrantow-z-niemiec\/"},"modified":"2025-06-29T07:30:07","modified_gmt":"2025-06-29T11:30:07","slug":"spor-o-migrantow-z-niemiec","status":"publish","type":"post","link":"https:\/\/radiopoloniawinnipeg.com\/index.php\/2025\/06\/29\/spor-o-migrantow-z-niemiec\/","title":{"rendered":"Sp\u00f3r o migrant\u00f3w z Niemiec"},"content":{"rendered":"<p><img decoding=\"async\" loading=\"lazy\" class=\"aligncenter size-custom-full-size wp-image-216311\" src=\"https:\/\/bejsment.com\/wp-content\/uploads\/2025\/06\/aagranica2-1-636x358.jpg\" alt=\"\" width=\"636\" height=\"358\" \/><\/p>\n<p><strong>Polscy politycy spieraj\u0105 si\u0119 o to, jak reagowa\u0107 na rosn\u0105c\u0105 liczb\u0119 niechcianych migrant\u00f3w pojawiaj\u0105cych si\u0119 po niemieckiej stronie granicy, kt\u00f3rych \u2013 jak twierdz\u0105 \u015bwiadkowie \u2013 niemieckie s\u0142u\u017cby \u201eprzerzucaj\u0105\u201d do Polski.<\/strong><\/p>\n<p>\u2013 Na granicy powinno by\u0107 mocniejsze uszczelnienie. Niech przestan\u0105 robi\u0107 z nas balona \u2013 m\u00f3wi\u0142 wicemarsza\u0142ek Sejmu Piotr Zgorzelski (PSL) w programie Bogdana Rymanowskiego. Jego zdaniem nale\u017cy przywr\u00f3ci\u0107 kontrole graniczne, a protesty obywateli, kt\u00f3rzy organizuj\u0105 patrole w rejonie przygranicznym, s\u0105 uzasadnione.<\/p>\n<p>Podobnego zdania by\u0142 Krzysztof Bosak z Konfederacji. \u2013 Zjawisko przybra\u0142o form\u0119 systemowego odbierania migrant\u00f3w z granicy i rozwo\u017cenia ich po r\u00f3\u017cnych miejscach \u2013 twierdzi\u0142. Doda\u0142, \u017ce rz\u0105d ukrywa dane, \u017congluje statystykami i zani\u017ca skal\u0119 problemu.<\/p>\n<p>Z kolei Mariusz B\u0142aszczak (PiS) oceni\u0142 w mediach spo\u0142eczno\u015bciowych, \u017ce \u201ezachodnia granica przesta\u0142a istnie\u0107\u201d, a Niemcy \u201epodrzucaj\u0105 migrant\u00f3w\u201d, na co polskie s\u0142u\u017cby rzekomo nie reaguj\u0105.<\/p>\n<p>Politycy koalicji rz\u0105dz\u0105cej odpieraj\u0105 zarzuty. Senator KO Krzysztof Kwiatkowski przekonywa\u0142, \u017ce 98 proc. pr\u00f3b nielegalnego przekroczenia granicy jest udaremnianych, a problem istnieje nie od dzi\u015b \u2013 tak\u017ce za rz\u0105d\u00f3w PiS. \u2013 Wydano wtedy 360 tys. wiz pracowniczych, g\u0142\u00f3wnie dla obywateli Ukrainy \u2013 zauwa\u017cy\u0142.<\/p>\n<p>Rados\u0142aw Fogiel (PiS) zwr\u00f3ci\u0142 uwag\u0119 na niepokoje spo\u0142eczne w rejonach przygranicznych, a B\u0142a\u017cej Pobo\u017cy, doradca prezydenta RP, skrytykowa\u0142 wypowiedzi przedstawicieli rz\u0105du jako \u201egigantyczn\u0105 manipulacj\u0119\u201d.<\/p>\n<p>Sebastian Gajewski (Nowa Lewica), wiceminister rodziny, pracy i polityki spo\u0142ecznej, broni\u0142 polityki rz\u0105du. \u2013 Nie ma kryzysu, jest wyzwanie. Uszczelnili\u015bmy procedury wizowe i zatrudniania cudzoziemc\u00f3w \u2013 m\u00f3wi\u0142. Zarzuci\u0142 PiS i Konfederacji wzniecanie niech\u0119ci wobec obcokrajowc\u00f3w i przypomnia\u0142 o aferze wizowej z czas\u00f3w poprzedniego rz\u0105du.<\/p>\n<p style=\"text-align: right\"><em>Na podst. Polsat News<\/em><\/p>\n","protected":false},"excerpt":{"rendered":"<p>Polscy politycy spieraj\u0105 si\u0119 o to, jak reagowa\u0107 na rosn\u0105c\u0105 liczb\u0119 niechcianych migrant\u00f3w pojawiaj\u0105cych si\u0119 po niemieckiej stronie granicy, kt\u00f3rych \u2013 jak twierdz\u0105 \u015bwiadkowie \u2013&hellip;<\/p>\n","protected":false},"author":3,"featured_media":2292,"comment_status":"open","ping_status":"open","sticky":false,"template":"","format":"standard","meta":{"footnotes":""},"categories":[14,18],"tags":[],"class_list":["post-2291","post","type-post","status-publish","format-standard","has-post-thumbnail","hentry","category-polska","category-top-news"],"_links":{"self":[{"href":"https:\/\/radiopoloniawinnipeg.com\/index.php\/wp-json\/wp\/v2\/posts\/2291","targetHints":{"allow":["GET"]}}],"collection":[{"href":"https:\/\/radiopoloniawinnipeg.com\/index.php\/wp-json\/wp\/v2\/posts"}],"about":[{"href":"https:\/\/radiopoloniawinnipeg.com\/index.php\/wp-json\/wp\/v2\/types\/post"}],"author":[{"embeddable":true,"href":"https:\/\/radiopoloniawinnipeg.com\/index.php\/wp-json\/wp\/v2\/users\/3"}],"replies":[{"embeddable":true,"href":"https:\/\/radiopoloniawinnipeg.com\/index.php\/wp-json\/wp\/v2\/comments?post=2291"}],"version-history":[{"count":0,"href":"https:\/\/radiopoloniawinnipeg.com\/index.php\/wp-json\/wp\/v2\/posts\/2291\/revisions"}],"wp:featuredmedia":[{"embeddable":true,"href":"https:\/\/radiopoloniawinnipeg.com\/index.php\/wp-json\/wp\/v2\/media\/2292"}],"wp:attachment":[{"href":"https:\/\/radiopoloniawinnipeg.com\/index.php\/wp-json\/wp\/v2\/media?parent=2291"}],"wp:term":[{"taxonomy":"category","embeddable":true,"href":"https:\/\/radiopoloniawinnipeg.com\/index.php\/wp-json\/wp\/v2\/categories?post=2291"},{"taxonomy":"post_tag","embeddable":true,"href":"https:\/\/radiopoloniawinnipeg.com\/index.php\/wp-json\/wp\/v2\/tags?post=2291"}],"curies":[{"name":"wp","href":"https:\/\/api.w.org\/{rel}","templated":true}]}}