{"id":2293,"date":"2025-06-29T08:30:06","date_gmt":"2025-06-29T12:30:06","guid":{"rendered":"https:\/\/radiopoloniawinnipeg.com\/index.php\/2025\/06\/29\/belgrad-wielki-protest-140-tys-na-ulicach\/"},"modified":"2025-06-29T08:30:06","modified_gmt":"2025-06-29T12:30:06","slug":"belgrad-wielki-protest-140-tys-na-ulicach","status":"publish","type":"post","link":"https:\/\/radiopoloniawinnipeg.com\/index.php\/2025\/06\/29\/belgrad-wielki-protest-140-tys-na-ulicach\/","title":{"rendered":"Belgrad: wielki protest. 140 tys. na ulicach"},"content":{"rendered":"<p><img decoding=\"async\" loading=\"lazy\" class=\"aligncenter size-custom-full-size wp-image-216315\" src=\"https:\/\/bejsment.com\/wp-content\/uploads\/2025\/06\/aaprotest4-636x427.jpg\" alt=\"\" width=\"636\" height=\"427\" \/><\/p>\n<p><strong>W Belgradzie zn\u00f3w zawrza\u0142o. Ponad 140 tysi\u0119cy ludzi wysz\u0142o na ulice, \u017c\u0105daj\u0105c dymisji rz\u0105du i przedterminowych wybor\u00f3w. Dosz\u0142o do star\u0107 z policj\u0105 \u2013 s\u0105 ranni i zatrzymani. Protesty trwaj\u0105 od tragedii w Nowym Sadzie i oskar\u017ce\u0144 o korupcj\u0119 w\u0142adzy.<\/strong><\/p>\n<p>Demonstracja, zorganizowana przez ruch studencki oraz organizacje obywatelskie, by\u0142a jedn\u0105 z najwi\u0119kszych od czasu rozpocz\u0119cia protest\u00f3w w listopadzie ubieg\u0142ego roku. W\u00f3wczas w Nowym Sadzie zawali\u0142 si\u0119 dach stacji kolejowej \u2013 zgin\u0119\u0142o 14 os\u00f3b, trzy zosta\u0142y ci\u0119\u017cko ranne. Tragedia ujawni\u0142a skal\u0119 zaniedba\u0144 i domniemanej korupcji przy publicznych inwestycjach.<\/p>\n<p>Podczas sobotniego protestu t\u0142um skandowa\u0142 antyrz\u0105dowe has\u0142a, ni\u00f3s\u0142 serbskie flagi i postawi\u0142 w\u0142adzom ultimatum: nowe wybory do godziny 21:00. Po jego odrzuceniu demonstranci zapowiedzieli obywatelskie niepos\u0142usze\u0144stwo.<\/p>\n<p>W pewnym momencie dosz\u0142o do eskalacji \u2013 w stron\u0119 policjant\u00f3w polecia\u0142y race i butelki. S\u0142u\u017cby odpowiedzia\u0142y pa\u0142kami, a wed\u0142ug \u015bwiadk\u00f3w r\u00f3wnie\u017c gazem \u0142zawi\u0105cym i granatami hukowymi. Policja twierdzi, \u017ce u\u017cyto wy\u0142\u0105cznie gumowych pa\u0142ek. Rannych zosta\u0142o sze\u015bciu funkcjonariuszy i dwoje demonstrant\u00f3w, jedna osoba trafi\u0142a do szpitala.<\/p>\n<p>\u2013 B\u0119dziemy protestowa\u0107 tak d\u0142ugo, jak b\u0119dzie trzeba \u2013 zapowiedzia\u0142 uczestnik manifestacji Stefan Ivakovic w rozmowie z agencj\u0105 AFP.<\/p>\n<p>Prezydent Serbii Aleksandar Vu\u010di\u0107 zapowiedzia\u0142, \u017ce w niedziel\u0119 odniesie si\u0119 do protest\u00f3w. W przesz\u0142o\u015bci oskar\u017ca\u0142 organizator\u00f3w o udzia\u0142 w \u201ezagranicznym spisku\u201d maj\u0105cym na celu destabilizacj\u0119 kraju. Minister spraw wewn\u0119trznych Ivica Da\u010di\u0107 zagrozi\u0142 u\u017cyciem \u201ewszelkich \u015brodk\u00f3w\u201d do przywr\u00f3cenia porz\u0105dku.<\/p>\n<p style=\"text-align: right\"><em>Na podst. AFP<\/em><\/p>\n","protected":false},"excerpt":{"rendered":"<p>W Belgradzie zn\u00f3w zawrza\u0142o. Ponad 140 tysi\u0119cy ludzi wysz\u0142o na ulice, \u017c\u0105daj\u0105c dymisji rz\u0105du i przedterminowych wybor\u00f3w. Dosz\u0142o do star\u0107 z policj\u0105 \u2013 s\u0105 ranni&hellip;<\/p>\n","protected":false},"author":3,"featured_media":2294,"comment_status":"open","ping_status":"open","sticky":false,"template":"","format":"standard","meta":{"footnotes":""},"categories":[15,18],"tags":[],"class_list":["post-2293","post","type-post","status-publish","format-standard","has-post-thumbnail","hentry","category-swiat","category-top-news"],"_links":{"self":[{"href":"https:\/\/radiopoloniawinnipeg.com\/index.php\/wp-json\/wp\/v2\/posts\/2293","targetHints":{"allow":["GET"]}}],"collection":[{"href":"https:\/\/radiopoloniawinnipeg.com\/index.php\/wp-json\/wp\/v2\/posts"}],"about":[{"href":"https:\/\/radiopoloniawinnipeg.com\/index.php\/wp-json\/wp\/v2\/types\/post"}],"author":[{"embeddable":true,"href":"https:\/\/radiopoloniawinnipeg.com\/index.php\/wp-json\/wp\/v2\/users\/3"}],"replies":[{"embeddable":true,"href":"https:\/\/radiopoloniawinnipeg.com\/index.php\/wp-json\/wp\/v2\/comments?post=2293"}],"version-history":[{"count":0,"href":"https:\/\/radiopoloniawinnipeg.com\/index.php\/wp-json\/wp\/v2\/posts\/2293\/revisions"}],"wp:featuredmedia":[{"embeddable":true,"href":"https:\/\/radiopoloniawinnipeg.com\/index.php\/wp-json\/wp\/v2\/media\/2294"}],"wp:attachment":[{"href":"https:\/\/radiopoloniawinnipeg.com\/index.php\/wp-json\/wp\/v2\/media?parent=2293"}],"wp:term":[{"taxonomy":"category","embeddable":true,"href":"https:\/\/radiopoloniawinnipeg.com\/index.php\/wp-json\/wp\/v2\/categories?post=2293"},{"taxonomy":"post_tag","embeddable":true,"href":"https:\/\/radiopoloniawinnipeg.com\/index.php\/wp-json\/wp\/v2\/tags?post=2293"}],"curies":[{"name":"wp","href":"https:\/\/api.w.org\/{rel}","templated":true}]}}