{"id":2295,"date":"2025-06-29T10:30:06","date_gmt":"2025-06-29T14:30:06","guid":{"rendered":"https:\/\/radiopoloniawinnipeg.com\/index.php\/2025\/06\/29\/witold-waszczykowski-prosze-o-modlitwe\/"},"modified":"2025-06-29T10:30:06","modified_gmt":"2025-06-29T14:30:06","slug":"witold-waszczykowski-prosze-o-modlitwe","status":"publish","type":"post","link":"https:\/\/radiopoloniawinnipeg.com\/index.php\/2025\/06\/29\/witold-waszczykowski-prosze-o-modlitwe\/","title":{"rendered":"Witold Waszczykowski: \u201eProsz\u0119 o modlitw\u0119\u201d"},"content":{"rendered":"<p><img decoding=\"async\" loading=\"lazy\" class=\"aligncenter size-custom-full-size wp-image-216325\" src=\"https:\/\/bejsment.com\/wp-content\/uploads\/2025\/06\/aawaszczykowski2-636x424.jpg\" alt=\"\" width=\"636\" height=\"424\" \/><\/p>\n<p><strong>By\u0142y minister spraw zagranicznych Witold Waszczykowski poinformowa\u0142, \u017ce zmaga si\u0119 z nieuleczaln\u0105 chorob\u0105 \u2013 stwardnieniem zanikowym bocznym (ALS). W sobot\u0119 wieczorem opublikowa\u0142 w mediach spo\u0142eczno\u015bciowych poruszaj\u0105cy wpis: \u201eProsz\u0119 o modlitw\u0119 o skuteczn\u0105 terapi\u0119 SLA\/ALS\u201d.<\/strong><\/p>\n<p>ALS to post\u0119puj\u0105ce schorzenie neurodegeneracyjne, kt\u00f3re prowadzi do stopniowego niszczenia neuron\u00f3w ruchowych, powoduj\u0105c os\u0142abienie, zaniki mi\u0119\u015bni, problemy z mow\u0105, poruszaniem si\u0119, a w p\u00f3\u017aniejszych stadiach \u2013 z oddychaniem. Obecnie nie ma na nie skutecznego lekarstwa. Stosowane terapie \u0142agodz\u0105 objawy i spowalniaj\u0105 rozw\u00f3j choroby.<\/p>\n<p>Waszczykowski porusza si\u0119 na co dzie\u0144 za pomoc\u0105 skutera elektrycznego.<\/p>\n<p>\u2013 Zawsze m\u00f3wi\u0142em, \u017ce nie biegam, bo nie lubi\u0119. Pan B\u00f3g chyba uzna\u0142, \u017ce skoro nie lubi\u0119, to po co mi nogi \u2013 opowiada\u0142 z humorem w rozmowie z \u201eSuper Expressem\u201d.<\/p>\n<p>Polityk po raz pierwszy ujawni\u0142 informacje o swojej chorobie w 2021 roku. Pocz\u0105tkowo zdiagnozowano u niego polineuropati\u0119, jednak dalsze badania potwierdzi\u0142y ALS.<\/p>\n<p>Witold Waszczykowski ma 68 lat. Szefem polskiej dyplomacji by\u0142 w latach 2015\u20132018. Wcze\u015bniej pe\u0142ni\u0142 funkcj\u0119 ambasadora RP w Iranie (1999\u20132002). W 2019 roku uzyska\u0142 mandat europos\u0142a z listy Prawa i Sprawiedliwo\u015bci, ale w tegorocznych wyborach nie zosta\u0142 ponownie wybrany.<\/p>\n<p style=\"text-align: right\"><em>Na podst. DRz<\/em><\/p>\n","protected":false},"excerpt":{"rendered":"<p>By\u0142y minister spraw zagranicznych Witold Waszczykowski poinformowa\u0142, \u017ce zmaga si\u0119 z nieuleczaln\u0105 chorob\u0105 \u2013 stwardnieniem zanikowym bocznym (ALS). W sobot\u0119 wieczorem opublikowa\u0142 w mediach spo\u0142eczno\u015bciowych&hellip;<\/p>\n","protected":false},"author":3,"featured_media":2296,"comment_status":"open","ping_status":"open","sticky":false,"template":"","format":"standard","meta":{"footnotes":""},"categories":[14,18],"tags":[],"class_list":["post-2295","post","type-post","status-publish","format-standard","has-post-thumbnail","hentry","category-polska","category-top-news"],"_links":{"self":[{"href":"https:\/\/radiopoloniawinnipeg.com\/index.php\/wp-json\/wp\/v2\/posts\/2295","targetHints":{"allow":["GET"]}}],"collection":[{"href":"https:\/\/radiopoloniawinnipeg.com\/index.php\/wp-json\/wp\/v2\/posts"}],"about":[{"href":"https:\/\/radiopoloniawinnipeg.com\/index.php\/wp-json\/wp\/v2\/types\/post"}],"author":[{"embeddable":true,"href":"https:\/\/radiopoloniawinnipeg.com\/index.php\/wp-json\/wp\/v2\/users\/3"}],"replies":[{"embeddable":true,"href":"https:\/\/radiopoloniawinnipeg.com\/index.php\/wp-json\/wp\/v2\/comments?post=2295"}],"version-history":[{"count":0,"href":"https:\/\/radiopoloniawinnipeg.com\/index.php\/wp-json\/wp\/v2\/posts\/2295\/revisions"}],"wp:featuredmedia":[{"embeddable":true,"href":"https:\/\/radiopoloniawinnipeg.com\/index.php\/wp-json\/wp\/v2\/media\/2296"}],"wp:attachment":[{"href":"https:\/\/radiopoloniawinnipeg.com\/index.php\/wp-json\/wp\/v2\/media?parent=2295"}],"wp:term":[{"taxonomy":"category","embeddable":true,"href":"https:\/\/radiopoloniawinnipeg.com\/index.php\/wp-json\/wp\/v2\/categories?post=2295"},{"taxonomy":"post_tag","embeddable":true,"href":"https:\/\/radiopoloniawinnipeg.com\/index.php\/wp-json\/wp\/v2\/tags?post=2295"}],"curies":[{"name":"wp","href":"https:\/\/api.w.org\/{rel}","templated":true}]}}