{"id":2301,"date":"2025-06-29T14:30:06","date_gmt":"2025-06-29T18:30:06","guid":{"rendered":"https:\/\/radiopoloniawinnipeg.com\/index.php\/2025\/06\/29\/holownia-nie-wyklucza-wejscia-do-rzadu\/"},"modified":"2025-06-29T14:30:06","modified_gmt":"2025-06-29T18:30:06","slug":"holownia-nie-wyklucza-wejscia-do-rzadu","status":"publish","type":"post","link":"https:\/\/radiopoloniawinnipeg.com\/index.php\/2025\/06\/29\/holownia-nie-wyklucza-wejscia-do-rzadu\/","title":{"rendered":"Ho\u0142ownia nie wyklucza wej\u015bcia do rz\u0105du"},"content":{"rendered":"<p><img decoding=\"async\" loading=\"lazy\" class=\"aligncenter size-custom-full-size wp-image-216343\" src=\"https:\/\/bejsment.com\/wp-content\/uploads\/2025\/06\/aaholownia5-636x409.jpg\" alt=\"\" width=\"636\" height=\"409\" \/><\/p>\n<p><strong>Szymon Ho\u0142ownia zapewnia, \u017ce Polska 2050 nie zablokuje rekonstrukcji rz\u0105du Donalda Tuska. Nie wyklucza te\u017c w\u0142asnego wej\u015bcia do rz\u0105du, ale tylko w formule jedno\u015bci koalicyjnej. Partia og\u0142osi\u0142a formalny koniec sojuszu z PSL i odcina si\u0119 od zarzut\u00f3w dotycz\u0105cych Collegium Humanum.<\/strong><\/p>\n<p>\u2013 Chcemy wsp\u00f3\u0142pracowa\u0107 z KO, PSL i Lewic\u0105, \u017ceby realizowa\u0107 cele, na kt\u00f3re si\u0119 um\u00f3wili\u015bmy \u2013 powiedzia\u0142 marsza\u0142ek Sejmu Szymon Ho\u0142ownia po sobotnim posiedzeniu Rady Krajowej Polski 2050. Podkre\u015bli\u0142, \u017ce jego ugrupowanie nie zamierza blokowa\u0107 rekonstrukcji rz\u0105du Donalda Tuska. Nie wykluczy\u0142 te\u017c, \u017ce sam m\u00f3g\u0142by wej\u015b\u0107 do rz\u0105du, ale tylko w ramach \u201erz\u0105du jedno\u015bci koalicji\u201d z udzia\u0142em wszystkich lider\u00f3w ugrupowa\u0144.<\/p>\n<p>\u2013 Polska 2050 jest wa\u017cn\u0105 cz\u0119\u015bci\u0105 koalicji rz\u0105dz\u0105cej i oczekujemy, \u017ce b\u0119dzie tak traktowana. Jeste\u015bmy tu po co\u015b \u2013 powiedzia\u0142 Ho\u0142ownia. Doda\u0142, \u017ce zosta\u0142 upowa\u017cniony do prowadzenia rozm\u00f3w w sprawie sk\u0142adu rz\u0105du. \u2013 B\u0119d\u0119 walczy\u0142 o ka\u017cdego z naszych ministr\u00f3w i wiceministr\u00f3w, bo robi\u0105 \u015bwietn\u0105 robot\u0119.<\/p>\n<p>Marsza\u0142ek Sejmu poinformowa\u0142, \u017ce premier Tusk przedstawi now\u0105 propozycj\u0119 sk\u0142adu rz\u0105du do ko\u0144ca tygodnia. \u2013 Nie b\u0119dziemy blokowa\u0107 rekonstrukcji \u2013 zapewni\u0142.<\/p>\n<h3><strong>Bez zamachu stanu<\/strong><\/h3>\n<p>Ho\u0142ownia odni\u00f3s\u0142 si\u0119 tak\u017ce do licznych protest\u00f3w wyborczych, kt\u00f3re wp\u0142yn\u0119\u0142y do S\u0105du Najwy\u017cszego. Zapewni\u0142, \u017ce jako marsza\u0142ek Sejmu uszanuje ka\u017cdy werdykt SN. \u2013 Je\u015bli nie zapadnie decyzja o niewa\u017cno\u015bci wybor\u00f3w, to 6 sierpnia zwo\u0142am Zgromadzenie Narodowe i odbior\u0119 przysi\u0119g\u0119 od nowego prezydenta. Kto chce robi\u0107 zamach stanu \u2013 niech nie liczy na nas \u2013 podkre\u015bli\u0142.<\/p>\n<h3><strong>Odpowied\u017a na zarzuty ws. Collegium Humanum<\/strong><\/h3>\n<p>Podczas konferencji prasowej Ho\u0142ownia odni\u00f3s\u0142 si\u0119 te\u017c do doniesie\u0144 \u201eNewsweeka\u201d, jakoby mia\u0142 by\u0107 studentem Collegium Humanum \u2013 uczelni, wok\u00f3\u0142 kt\u00f3rej naros\u0142y kontrowersje zwi\u0105zane z handlem dyplomami. \u2013 M\u00f3wi\u0119 wprost: tych studi\u00f3w nie by\u0142o. Mam wykszta\u0142cenie \u015brednie i m\u00f3wi\u0119 o tym otwarcie i z dum\u0105 \u2013 zaznaczy\u0142. \u2013 Gdybym mia\u0142 kupowa\u0107 sobie dyplom, \u017ceby go nie pokazywa\u0107 i jeszcze za to p\u0142aci\u0107, to by\u0142bym idiot\u0105. A mam wra\u017cenie, \u017ce nie jestem \u2013 doda\u0142.<\/p>\n<h3><strong>Koniec Trzeciej Drogi<\/strong><\/h3>\n<p>Podczas posiedzenia Rady Krajowej Polska 2050 oficjalnie podj\u0119\u0142a decyzj\u0119 o zako\u0144czeniu projektu Trzecia Droga, czyli sojuszu z Polskim Stronnictwem Ludowym. Wcze\u015bniej podobn\u0105 decyzj\u0119 og\u0142osi\u0142a Rada Naczelna PSL.<\/p>\n<p>\u2013 Umawiali\u015bmy si\u0119 na cztery wybory i dotrzymali\u015bmy zobowi\u0105za\u0144 \u2013 podkre\u015bli\u0142 Ho\u0142ownia. W kolejnych wyborach obie formacje wystartuj\u0105 oddzielnie.<\/p>\n<p style=\"text-align: right\"><em>Na podst. Polsat News<\/em><\/p>\n","protected":false},"excerpt":{"rendered":"<p>Szymon Ho\u0142ownia zapewnia, \u017ce Polska 2050 nie zablokuje rekonstrukcji rz\u0105du Donalda Tuska. Nie wyklucza te\u017c w\u0142asnego wej\u015bcia do rz\u0105du, ale tylko w formule jedno\u015bci koalicyjnej.&hellip;<\/p>\n","protected":false},"author":3,"featured_media":2302,"comment_status":"open","ping_status":"open","sticky":false,"template":"","format":"standard","meta":{"footnotes":""},"categories":[14,18],"tags":[],"class_list":["post-2301","post","type-post","status-publish","format-standard","has-post-thumbnail","hentry","category-polska","category-top-news"],"_links":{"self":[{"href":"https:\/\/radiopoloniawinnipeg.com\/index.php\/wp-json\/wp\/v2\/posts\/2301","targetHints":{"allow":["GET"]}}],"collection":[{"href":"https:\/\/radiopoloniawinnipeg.com\/index.php\/wp-json\/wp\/v2\/posts"}],"about":[{"href":"https:\/\/radiopoloniawinnipeg.com\/index.php\/wp-json\/wp\/v2\/types\/post"}],"author":[{"embeddable":true,"href":"https:\/\/radiopoloniawinnipeg.com\/index.php\/wp-json\/wp\/v2\/users\/3"}],"replies":[{"embeddable":true,"href":"https:\/\/radiopoloniawinnipeg.com\/index.php\/wp-json\/wp\/v2\/comments?post=2301"}],"version-history":[{"count":0,"href":"https:\/\/radiopoloniawinnipeg.com\/index.php\/wp-json\/wp\/v2\/posts\/2301\/revisions"}],"wp:featuredmedia":[{"embeddable":true,"href":"https:\/\/radiopoloniawinnipeg.com\/index.php\/wp-json\/wp\/v2\/media\/2302"}],"wp:attachment":[{"href":"https:\/\/radiopoloniawinnipeg.com\/index.php\/wp-json\/wp\/v2\/media?parent=2301"}],"wp:term":[{"taxonomy":"category","embeddable":true,"href":"https:\/\/radiopoloniawinnipeg.com\/index.php\/wp-json\/wp\/v2\/categories?post=2301"},{"taxonomy":"post_tag","embeddable":true,"href":"https:\/\/radiopoloniawinnipeg.com\/index.php\/wp-json\/wp\/v2\/tags?post=2301"}],"curies":[{"name":"wp","href":"https:\/\/api.w.org\/{rel}","templated":true}]}}