{"id":2309,"date":"2025-06-30T07:30:06","date_gmt":"2025-06-30T11:30:06","guid":{"rendered":"https:\/\/radiopoloniawinnipeg.com\/index.php\/2025\/06\/30\/nie-zyje-kobieta-zaatakowana-przez-mlodego-migranta-z-wenezueli\/"},"modified":"2025-06-30T07:30:06","modified_gmt":"2025-06-30T11:30:06","slug":"nie-zyje-kobieta-zaatakowana-przez-mlodego-migranta-z-wenezueli","status":"publish","type":"post","link":"https:\/\/radiopoloniawinnipeg.com\/index.php\/2025\/06\/30\/nie-zyje-kobieta-zaatakowana-przez-mlodego-migranta-z-wenezueli\/","title":{"rendered":"Nie \u017cyje kobieta zaatakowana przez m\u0142odego migranta z Wenezueli"},"content":{"rendered":"<div id=\"attachment_216407\" style=\"width: 646px\" class=\"wp-caption aligncenter\"><img decoding=\"async\" loading=\"lazy\" aria-describedby=\"caption-attachment-216407\" class=\"size-custom-full-size wp-image-216407\" src=\"https:\/\/bejsment.com\/wp-content\/uploads\/2025\/06\/aapark-1-636x358.jpg\" alt=\"\" width=\"636\" height=\"358\" \/><\/p>\n<p id=\"caption-attachment-216407\" class=\"wp-caption-text\">Kobieta wraca\u0142a z pracy przez park, gdy zosta\u0142a zaatakowana<\/p>\n<\/div>\n<p><strong>24-letnia kobieta, kt\u00f3ra zosta\u0142a brutalnie zaatakowana no\u017cem w toru\u0144skim Parku Glazja, zmar\u0142a w szpitalu po kilkunastu dniach walki o \u017cycie. Sprawc\u0105 by\u0142 19-letni obywatel Wenezueli.<\/strong><\/p>\n<p>Do tragicznego zdarzenia dosz\u0142o w nocy z 11 na 12 czerwca, gdy kobieta wraca\u0142a z pracy do domu i przechodzi\u0142a przez park. Napastnik zada\u0142 jej kilkana\u015bcie cios\u00f3w no\u017cem. Ofiara w stanie ci\u0119\u017ckim trafi\u0142a do szpitala, gdzie zmar\u0142a 27 czerwca \u2013 potwierdzi\u0142 rzecznik Prokuratury Okr\u0119gowej w Toruniu, prok. Andrzej Kukawski. Sekcja zw\u0142ok kobiety zaplanowana jest na 2 lipca.<\/p>\n<p>Do zatrzymania sprawcy przyczyni\u0142 si\u0119 przypadkowy \u015bwiadek, kt\u00f3ry us\u0142ysza\u0142 odg\u0142osy ataku z okna swojego mieszkania i natychmiast powiadomi\u0142 s\u0142u\u017cby. Na miejsce skierowano wszystkie dost\u0119pne patrole \u2013 tak\u017ce te znajduj\u0105ce si\u0119 poza Toruniem. Funkcjonariusze namierzyli i zatrzymali napastnika, gdy pr\u00f3bowa\u0142 uciec. W chwili zatrzymania mia\u0142 1,2 promila alkoholu we krwi.<\/p>\n<p>19-latek przebywa obecnie w areszcie.<\/p>\n<p style=\"text-align: right\"><em>Na podst. Polsat News<\/em><\/p>\n","protected":false},"excerpt":{"rendered":"<p>Kobieta wraca\u0142a z pracy przez park, gdy zosta\u0142a zaatakowana 24-letnia kobieta, kt\u00f3ra zosta\u0142a brutalnie zaatakowana no\u017cem w toru\u0144skim Parku Glazja, zmar\u0142a w szpitalu po kilkunastu&hellip;<\/p>\n","protected":false},"author":3,"featured_media":2310,"comment_status":"open","ping_status":"open","sticky":false,"template":"","format":"standard","meta":{"footnotes":""},"categories":[14,18],"tags":[],"class_list":["post-2309","post","type-post","status-publish","format-standard","has-post-thumbnail","hentry","category-polska","category-top-news"],"_links":{"self":[{"href":"https:\/\/radiopoloniawinnipeg.com\/index.php\/wp-json\/wp\/v2\/posts\/2309","targetHints":{"allow":["GET"]}}],"collection":[{"href":"https:\/\/radiopoloniawinnipeg.com\/index.php\/wp-json\/wp\/v2\/posts"}],"about":[{"href":"https:\/\/radiopoloniawinnipeg.com\/index.php\/wp-json\/wp\/v2\/types\/post"}],"author":[{"embeddable":true,"href":"https:\/\/radiopoloniawinnipeg.com\/index.php\/wp-json\/wp\/v2\/users\/3"}],"replies":[{"embeddable":true,"href":"https:\/\/radiopoloniawinnipeg.com\/index.php\/wp-json\/wp\/v2\/comments?post=2309"}],"version-history":[{"count":0,"href":"https:\/\/radiopoloniawinnipeg.com\/index.php\/wp-json\/wp\/v2\/posts\/2309\/revisions"}],"wp:featuredmedia":[{"embeddable":true,"href":"https:\/\/radiopoloniawinnipeg.com\/index.php\/wp-json\/wp\/v2\/media\/2310"}],"wp:attachment":[{"href":"https:\/\/radiopoloniawinnipeg.com\/index.php\/wp-json\/wp\/v2\/media?parent=2309"}],"wp:term":[{"taxonomy":"category","embeddable":true,"href":"https:\/\/radiopoloniawinnipeg.com\/index.php\/wp-json\/wp\/v2\/categories?post=2309"},{"taxonomy":"post_tag","embeddable":true,"href":"https:\/\/radiopoloniawinnipeg.com\/index.php\/wp-json\/wp\/v2\/tags?post=2309"}],"curies":[{"name":"wp","href":"https:\/\/api.w.org\/{rel}","templated":true}]}}