{"id":2311,"date":"2025-06-30T08:30:05","date_gmt":"2025-06-30T12:30:05","guid":{"rendered":"https:\/\/radiopoloniawinnipeg.com\/index.php\/2025\/06\/30\/trump-znow-chce-kanady-jako-51-stanu-usa\/"},"modified":"2025-06-30T08:30:05","modified_gmt":"2025-06-30T12:30:05","slug":"trump-znow-chce-kanady-jako-51-stanu-usa","status":"publish","type":"post","link":"https:\/\/radiopoloniawinnipeg.com\/index.php\/2025\/06\/30\/trump-znow-chce-kanady-jako-51-stanu-usa\/","title":{"rendered":"Trump zn\u00f3w chce Kanady jako 51. stanu USA"},"content":{"rendered":"<p><strong>Donald Trump ponownie zasugerowa\u0142, \u017ce Kanada powinna zosta\u0107 w\u0142\u0105czona do Stan\u00f3w Zjednoczonych jako ich 51. stan. W rozmowie z Fox News prezydent USA argumentowa\u0142, \u017ce Kanada jest w pe\u0142ni uzale\u017cniona od Ameryki. Chocia\u017c \u2013 jak zaznaczy\u0142 \u2013 darzy Kanad\u0119 sympati\u0105, okre\u015bli\u0142 j\u0105 jako \u201etrudnego partnera\u201d.<\/strong><\/p>\n<p>Trump skrytykowa\u0142 r\u00f3wnie\u017c polityk\u0119 handlow\u0105 Kanady, szczeg\u00f3lnie wysokie c\u0142a, kt\u00f3re \u2013 wed\u0142ug niego \u2013 Ottawa nak\u0142ada na towary rolne z USA. Jak doda\u0142, niekt\u00f3re op\u0142aty si\u0119gaj\u0105 nawet 400 procent, co jego zdaniem sprawia, \u017ce wsp\u00f3\u0142praca gospodarcza z Kanad\u0105 jest wyj\u0105tkowo trudna.<\/p>\n<p>W wywiadzie poinformowa\u0142 te\u017c o zawieszeniu negocjacji handlowych z Kanad\u0105. Powodem mia\u0142a by\u0107 decyzja Ottawy o utrzymaniu plan\u00f3w opodatkowania us\u0142ug cyfrowych.<br \/>\n\u2013 Kanada potrafi by\u0107 bardzo nieprzyjemna w relacjach. Ludzie nie zdaj\u0105 sobie z tego sprawy \u2013 stwierdzi\u0142 Trump.<\/p>\n<p>Cho\u0107 nie pierwszy raz m\u00f3wi o pomy\u015ble w\u0142\u0105czenia Kanady do USA, wcze\u015bniej sugerowa\u0142, \u017ce wielu Kanadyjczyk\u00f3w r\u00f3wnie\u017c popiera ten kierunek. W grudniu zesz\u0142ego roku pisa\u0142 w mediach spo\u0142eczno\u015bciowych, \u017ce Kanada jako 51. stan to \u201e\u015bwietna koncepcja\u201d.<\/p>\n","protected":false},"excerpt":{"rendered":"<p>Donald Trump ponownie zasugerowa\u0142, \u017ce Kanada powinna zosta\u0107 w\u0142\u0105czona do Stan\u00f3w Zjednoczonych jako ich 51. stan. W rozmowie z Fox News prezydent USA argumentowa\u0142, \u017ce&hellip;<\/p>\n","protected":false},"author":3,"featured_media":2312,"comment_status":"open","ping_status":"open","sticky":false,"template":"","format":"standard","meta":{"footnotes":""},"categories":[12,18],"tags":[],"class_list":["post-2311","post","type-post","status-publish","format-standard","has-post-thumbnail","hentry","category-kanada","category-top-news"],"_links":{"self":[{"href":"https:\/\/radiopoloniawinnipeg.com\/index.php\/wp-json\/wp\/v2\/posts\/2311","targetHints":{"allow":["GET"]}}],"collection":[{"href":"https:\/\/radiopoloniawinnipeg.com\/index.php\/wp-json\/wp\/v2\/posts"}],"about":[{"href":"https:\/\/radiopoloniawinnipeg.com\/index.php\/wp-json\/wp\/v2\/types\/post"}],"author":[{"embeddable":true,"href":"https:\/\/radiopoloniawinnipeg.com\/index.php\/wp-json\/wp\/v2\/users\/3"}],"replies":[{"embeddable":true,"href":"https:\/\/radiopoloniawinnipeg.com\/index.php\/wp-json\/wp\/v2\/comments?post=2311"}],"version-history":[{"count":0,"href":"https:\/\/radiopoloniawinnipeg.com\/index.php\/wp-json\/wp\/v2\/posts\/2311\/revisions"}],"wp:featuredmedia":[{"embeddable":true,"href":"https:\/\/radiopoloniawinnipeg.com\/index.php\/wp-json\/wp\/v2\/media\/2312"}],"wp:attachment":[{"href":"https:\/\/radiopoloniawinnipeg.com\/index.php\/wp-json\/wp\/v2\/media?parent=2311"}],"wp:term":[{"taxonomy":"category","embeddable":true,"href":"https:\/\/radiopoloniawinnipeg.com\/index.php\/wp-json\/wp\/v2\/categories?post=2311"},{"taxonomy":"post_tag","embeddable":true,"href":"https:\/\/radiopoloniawinnipeg.com\/index.php\/wp-json\/wp\/v2\/tags?post=2311"}],"curies":[{"name":"wp","href":"https:\/\/api.w.org\/{rel}","templated":true}]}}