{"id":2313,"date":"2025-06-30T10:30:06","date_gmt":"2025-06-30T14:30:06","guid":{"rendered":"https:\/\/radiopoloniawinnipeg.com\/index.php\/2025\/06\/30\/296-komisji-pod-lupa-bodnara\/"},"modified":"2025-06-30T10:30:06","modified_gmt":"2025-06-30T14:30:06","slug":"296-komisji-pod-lupa-bodnara","status":"publish","type":"post","link":"https:\/\/radiopoloniawinnipeg.com\/index.php\/2025\/06\/30\/296-komisji-pod-lupa-bodnara\/","title":{"rendered":"296 komisji pod lup\u0105 Bodnara"},"content":{"rendered":"<div id=\"attachment_216412\" style=\"width: 646px\" class=\"wp-caption aligncenter\"><img decoding=\"async\" loading=\"lazy\" aria-describedby=\"caption-attachment-216412\" class=\"size-custom-full-size wp-image-216412\" src=\"https:\/\/bejsment.com\/wp-content\/uploads\/2025\/06\/aabodnar-636x358.jpg\" alt=\"\" width=\"636\" height=\"358\" \/><\/p>\n<p id=\"caption-attachment-216412\" class=\"wp-caption-text\">Adam Bodnar<\/p>\n<\/div>\n<p><strong>W poniedzia\u0142ek prokuratorzy z region\u00f3w maj\u0105 otrzyma\u0107 polecenia ws. ogl\u0119dzin kart do g\u0142osowania. To reakcja na ekspertyzy wskazuj\u0105ce na nieprawid\u0142owo\u015bci mog\u0105ce wp\u0142yn\u0105\u0107 na wynik wybor\u00f3w prezydenckich.<\/strong><\/p>\n<p>Prokurator generalny Adam Bodnar powo\u0142a\u0142 zesp\u00f3\u0142 \u015bledczy, kt\u00f3ry zajmie si\u0119 ponownym liczeniem g\u0142os\u00f3w w 296 obwodowych komisjach wyborczych. W poniedzia\u0142ek maj\u0105 zosta\u0107 wydane \u201eniezw\u0142oczne\u201d polecenia dla prokurator\u00f3w rejonowych. To kolejny krok w odpowiedzi na zarzuty dotycz\u0105ce mo\u017cliwych nieprawid\u0142owo\u015bci w ostatnich wyborach prezydenckich.<\/p>\n<p>Bodnar z\u0142o\u017cy\u0142 wcze\u015bniej do S\u0105du Najwy\u017cszego wniosek o ogl\u0119dziny kart wyborczych w 1472 komisjach. Dzia\u0142ania te s\u0105 efektem analiz ekspert\u00f3w \u2013 m.in. dr. Krzysztofa Kontka z SGH \u2013 oraz ekspertyz zam\u00f3wionych przez prokuratur\u0119. Jak podkre\u015bla sam minister, \u201euzasadnione podejrzenie pope\u0142nienia przest\u0119pstwa\u201d stanowi podstaw\u0119 do wszcz\u0119cia post\u0119powania.<\/p>\n<p>W pi\u0105tek Bodnar poinformowa\u0142, \u017ce w odpowiedzi na publiczne zarzuty zlecono analizy dw\u00f3m profesorom: Andrzejowi Torojowi z SGH i Jackowi Hamanowi z UW. Zgodnie z ustaleniami prof. Hamana, silne anomalie statystyczne wykryto w 259 komisjach \u2013 g\u0142\u00f3wnie na niekorzy\u015b\u0107 Rafa\u0142a Trzaskowskiego, ale tak\u017ce cz\u0119\u015bciowo Karola Nawrockiego. Prof. Tor\u00f3j oszacowa\u0142 potencjalne przesuni\u0119cia g\u0142os\u00f3w na kilkana\u015bcie tysi\u0119cy, nie przes\u0105dzaj\u0105c jednak o wp\u0142ywie na ostateczny wynik wybor\u00f3w.<\/p>\n<p>Cho\u0107 dzia\u0142ania prokuratury mog\u0105 sugerowa\u0107 powa\u017cne zastrze\u017cenia, Bodnar podkre\u015bli\u0142, \u017ce stwierdzenie niewa\u017cno\u015bci wybor\u00f3w \u201ejest daleko id\u0105ce\u201d, przypominaj\u0105c o konstytucyjnym domniemaniu ich wa\u017cno\u015bci. Jednocze\u015bnie wskaza\u0142 na powa\u017cne wady konstytucyjne i proceduralne w procesie rozpatrywania protest\u00f3w, kt\u00f3re mog\u0105 wymaga\u0107 politycznego rozstrzygni\u0119cia.<\/p>\n<p>Ostateczna decyzja \u2013 zdaniem ministra \u2013 b\u0119dzie nale\u017ce\u0107 do marsza\u0142ka Sejmu Szymona Ho\u0142owni. Bodnar zapowiedzia\u0142 przes\u0142anie opinii prawnej, kt\u00f3ra ma wskaza\u0107, \u017ce by\u0107 mo\u017ce nie dosz\u0142o do skutecznego orzeczenia s\u0105dowego w sprawie wa\u017cno\u015bci wybor\u00f3w.<\/p>\n<p>Komunikat dotycz\u0105cy zam\u00f3wionych ekspertyz opublikowano r\u00f3wnie\u017c na stronie Prokuratury Krajowej.<\/p>\n<p style=\"text-align: right\"><em>Na podst. Polsat News<\/em><\/p>\n","protected":false},"excerpt":{"rendered":"<p>Adam Bodnar W poniedzia\u0142ek prokuratorzy z region\u00f3w maj\u0105 otrzyma\u0107 polecenia ws. ogl\u0119dzin kart do g\u0142osowania. To reakcja na ekspertyzy wskazuj\u0105ce na nieprawid\u0142owo\u015bci mog\u0105ce wp\u0142yn\u0105\u0107 na&hellip;<\/p>\n","protected":false},"author":3,"featured_media":2314,"comment_status":"open","ping_status":"open","sticky":false,"template":"","format":"standard","meta":{"footnotes":""},"categories":[14,18],"tags":[],"class_list":["post-2313","post","type-post","status-publish","format-standard","has-post-thumbnail","hentry","category-polska","category-top-news"],"_links":{"self":[{"href":"https:\/\/radiopoloniawinnipeg.com\/index.php\/wp-json\/wp\/v2\/posts\/2313","targetHints":{"allow":["GET"]}}],"collection":[{"href":"https:\/\/radiopoloniawinnipeg.com\/index.php\/wp-json\/wp\/v2\/posts"}],"about":[{"href":"https:\/\/radiopoloniawinnipeg.com\/index.php\/wp-json\/wp\/v2\/types\/post"}],"author":[{"embeddable":true,"href":"https:\/\/radiopoloniawinnipeg.com\/index.php\/wp-json\/wp\/v2\/users\/3"}],"replies":[{"embeddable":true,"href":"https:\/\/radiopoloniawinnipeg.com\/index.php\/wp-json\/wp\/v2\/comments?post=2313"}],"version-history":[{"count":0,"href":"https:\/\/radiopoloniawinnipeg.com\/index.php\/wp-json\/wp\/v2\/posts\/2313\/revisions"}],"wp:featuredmedia":[{"embeddable":true,"href":"https:\/\/radiopoloniawinnipeg.com\/index.php\/wp-json\/wp\/v2\/media\/2314"}],"wp:attachment":[{"href":"https:\/\/radiopoloniawinnipeg.com\/index.php\/wp-json\/wp\/v2\/media?parent=2313"}],"wp:term":[{"taxonomy":"category","embeddable":true,"href":"https:\/\/radiopoloniawinnipeg.com\/index.php\/wp-json\/wp\/v2\/categories?post=2313"},{"taxonomy":"post_tag","embeddable":true,"href":"https:\/\/radiopoloniawinnipeg.com\/index.php\/wp-json\/wp\/v2\/tags?post=2313"}],"curies":[{"name":"wp","href":"https:\/\/api.w.org\/{rel}","templated":true}]}}