{"id":2323,"date":"2025-06-30T16:30:07","date_gmt":"2025-06-30T20:30:07","guid":{"rendered":"https:\/\/radiopoloniawinnipeg.com\/index.php\/2025\/06\/30\/haiti-horror-nie-do-opisania\/"},"modified":"2025-06-30T16:30:07","modified_gmt":"2025-06-30T20:30:07","slug":"haiti-horror-nie-do-opisania","status":"publish","type":"post","link":"https:\/\/radiopoloniawinnipeg.com\/index.php\/2025\/06\/30\/haiti-horror-nie-do-opisania\/","title":{"rendered":"Haiti \u2013 \u201ehorror nie do opisania\u201d"},"content":{"rendered":"<p><img decoding=\"async\" loading=\"lazy\" class=\"aligncenter size-custom-full-size wp-image-216432\" src=\"https:\/\/bejsment.com\/wp-content\/uploads\/2025\/06\/aahaiti-636x424.webp\" alt=\"\" width=\"636\" height=\"424\" \/><\/p>\n<p><strong>Haiti pogr\u0105\u017cone jest w katastrofie humanitarnej, kt\u00f3r\u0105 \u015bwiat ignoruje. Przemoc gang\u00f3w, g\u0142\u00f3d, masowe przesiedlenia i pora\u017cka struktur pa\u0144stwowych sprawiaj\u0105, \u017ce \u017cycie milion\u00f3w Haita\u0144czyk\u00f3w zamienia si\u0119 w codzienny koszmar.<\/strong><\/p>\n<p>Haiti \u2013 najbiedniejszy kraj p\u00f3\u0142kuli zachodniej \u2013 pogr\u0105\u017cone jest w niewyobra\u017calnym kryzysie humanitarnym. Wed\u0142ug Wysokiego Komisarza ONZ ds. Praw Cz\u0142owieka Volkara T\u00fcrka, to, czego do\u015bwiadcza ludno\u015b\u0107, jest \u201ehorrorem nie do opisania\u201d. \u015awiat niemal tego nie dostrzega, cho\u0107 ponosi wsp\u00f3\u0142odpowiedzialno\u015b\u0107 za tragedi\u0119.<\/p>\n<p>Sytuacja staje si\u0119 coraz bardziej dramatyczna. Wed\u0142ug Mi\u0119dzynarodowej Organizacji ds. Migracji (IOM) ju\u017c 1,3 miliona os\u00f3b zosta\u0142o wewn\u0119trznie przesiedlonych \u2013 to co dziesi\u0105ty obywatel kraju. To rekordowa liczba, a nowy sezon huragan\u00f3w zagra\u017ca milionom, kt\u00f3re ukrywaj\u0105 si\u0119 w prowizorycznych schronieniach, cz\u0119sto bez dost\u0119pu do jedzenia i wody.<\/p>\n<h3><strong>Deportacje mimo katastrofy<\/strong><\/h3>\n<p>Cho\u0107 Haiti pogr\u0105\u017ca si\u0119 w chaosie, tysi\u0105ce jego mieszka\u0144c\u00f3w s\u0105 deportowane z USA i Dominikany. Tylko w ostatnich dw\u00f3ch miesi\u0105cach oko\u0142o 200 tys. Haita\u0144czyk\u00f3w zosta\u0142o odes\u0142anych z terytorium Dominikany. Floryda i inne stany USA r\u00f3wnie\u017c kontynuuj\u0105 deportacje, mimo \u017ce uchod\u017acom grozi powr\u00f3t do kraju pogr\u0105\u017conego w przemocy i g\u0142odzie.<\/p>\n<p>Dominikana, zm\u0119czona w\u0142asnym kryzysem humanitarnym, intensyfikuje budow\u0119 muru granicznego i nie ukrywa, \u017ce czuje si\u0119 osamotniona w obliczu masowego nap\u0142ywu uciekinier\u00f3w.<\/p>\n<h3><strong>Nieudane pa\u0144stwo<\/strong><\/h3>\n<p>Haiti od dawna okre\u015blane jest jako \u201epa\u0144stwo upad\u0142e\u201d. Brakuje centralnej w\u0142adzy, s\u0142u\u017cby s\u0105 niewydolne, a przemoc gang\u00f3w jest wszechobecna. \u2013 Ka\u017cdego dnia setki Haita\u0144czyk\u00f3w uciekaj\u0105 przed przemoc\u0105, zabieraj\u0105c jedynie to, co maj\u0105 na sobie \u2013 relacjonuje Nathalye Cotrino z Human Rights Watch.<\/p>\n<p>ONZ i organizacje praw cz\u0142owieka apeluj\u0105 o przekszta\u0142cenie obecnej misji pomocowej w pe\u0142noprawn\u0105 operacj\u0119 pokojow\u0105 z mandatem ochrony ludno\u015bci. Zdaniem Cotrino, obecne w\u0142adze Haiti nie s\u0105 w stanie tego zapewni\u0107.<\/p>\n<p>Zaufanie do ONZ jest jednak mocno nadszarpni\u0119te. Kilka lat temu jej pracownicy nie\u015bwiadomie przywie\u017ali do kraju epidemi\u0119 cholery, co zabi\u0142o tysi\u0105ce ludzi. Od tego czasu panuje nieufno\u015b\u0107 wobec zagranicznych misji.<\/p>\n<h3><strong>Eksplozja przemocy i nieludzkie statystyki<\/strong><\/h3>\n<p>Mi\u0119dzy styczniem a ko\u0144cem maja 2025 r. na Haiti zgin\u0119\u0142o co najmniej 2680 os\u00f3b \u2013 w tym 54 dzieci. Prawie tysi\u0105c os\u00f3b zosta\u0142o rannych, a ponad 300 porwano. Ro\u015bnie te\u017c skala przemocy seksualnej wobec kobiet i dziewcz\u0105t. Gangi rekrutuj\u0105 dzieci jako kurier\u00f3w i \u017cywe tarcze. \u2013 Te dane s\u0105 przera\u017caj\u0105ce, ale i tak nie oddaj\u0105 w pe\u0142ni skali cierpienia \u2013 m\u00f3wi komisarz T\u00fcrk.<\/p>\n<p>Przemoc rozszerza si\u0119 poza stolic\u0119 i destabilizuje sytuacj\u0119 w regionie. Kenijska misja policyjna, pr\u00f3buj\u0105ca zaprowadzi\u0107 porz\u0105dek, nie radzi sobie z fal\u0105 brutalno\u015bci i rozk\u0142adem struktur pa\u0144stwowych.<\/p>\n<h3><strong>\u015awiat odwraca wzrok<\/strong><\/h3>\n<p>Mimo alarm\u00f3w ze strony ONZ i organizacji humanitarnych, sytuacja na Haiti pozostaje w du\u017cej mierze niezauwa\u017cona. USA skupiaj\u0105 si\u0119 na statystykach deportacyjnych, ignoruj\u0105c fakt, \u017ce wi\u0119kszo\u015b\u0107 nielegalnej broni u\u017cywanej przez gangi pochodzi w\u0142a\u015bnie z ich terytorium.<\/p>\n<p>Brakuje strategii, zasob\u00f3w i realnego zaanga\u017cowania ze strony spo\u0142eczno\u015bci mi\u0119dzynarodowej. Tymczasem dramat Haita\u0144czyk\u00f3w trwa \u2013 i nie wida\u0107 jego ko\u0144ca.<\/p>\n<p style=\"text-align: right\"><em>Na podst. AP<\/em><\/p>\n","protected":false},"excerpt":{"rendered":"<p>Haiti pogr\u0105\u017cone jest w katastrofie humanitarnej, kt\u00f3r\u0105 \u015bwiat ignoruje. Przemoc gang\u00f3w, g\u0142\u00f3d, masowe przesiedlenia i pora\u017cka struktur pa\u0144stwowych sprawiaj\u0105, \u017ce \u017cycie milion\u00f3w Haita\u0144czyk\u00f3w zamienia si\u0119&hellip;<\/p>\n","protected":false},"author":3,"featured_media":2324,"comment_status":"open","ping_status":"open","sticky":false,"template":"","format":"standard","meta":{"footnotes":""},"categories":[15,18],"tags":[],"class_list":["post-2323","post","type-post","status-publish","format-standard","has-post-thumbnail","hentry","category-swiat","category-top-news"],"_links":{"self":[{"href":"https:\/\/radiopoloniawinnipeg.com\/index.php\/wp-json\/wp\/v2\/posts\/2323","targetHints":{"allow":["GET"]}}],"collection":[{"href":"https:\/\/radiopoloniawinnipeg.com\/index.php\/wp-json\/wp\/v2\/posts"}],"about":[{"href":"https:\/\/radiopoloniawinnipeg.com\/index.php\/wp-json\/wp\/v2\/types\/post"}],"author":[{"embeddable":true,"href":"https:\/\/radiopoloniawinnipeg.com\/index.php\/wp-json\/wp\/v2\/users\/3"}],"replies":[{"embeddable":true,"href":"https:\/\/radiopoloniawinnipeg.com\/index.php\/wp-json\/wp\/v2\/comments?post=2323"}],"version-history":[{"count":0,"href":"https:\/\/radiopoloniawinnipeg.com\/index.php\/wp-json\/wp\/v2\/posts\/2323\/revisions"}],"wp:featuredmedia":[{"embeddable":true,"href":"https:\/\/radiopoloniawinnipeg.com\/index.php\/wp-json\/wp\/v2\/media\/2324"}],"wp:attachment":[{"href":"https:\/\/radiopoloniawinnipeg.com\/index.php\/wp-json\/wp\/v2\/media?parent=2323"}],"wp:term":[{"taxonomy":"category","embeddable":true,"href":"https:\/\/radiopoloniawinnipeg.com\/index.php\/wp-json\/wp\/v2\/categories?post=2323"},{"taxonomy":"post_tag","embeddable":true,"href":"https:\/\/radiopoloniawinnipeg.com\/index.php\/wp-json\/wp\/v2\/tags?post=2323"}],"curies":[{"name":"wp","href":"https:\/\/api.w.org\/{rel}","templated":true}]}}